{"id":3908,"date":"2023-11-16T17:00:23","date_gmt":"2023-11-16T16:00:23","guid":{"rendered":"https:\/\/www.snowell.com\/ski-tips\/?p=3908"},"modified":"2024-09-25T16:41:16","modified_gmt":"2024-09-25T14:41:16","slug":"ski-openings-2023","status":"publish","type":"post","link":"https:\/\/www.snowell.com\/ski-tips\/ski-openings-2023\/","title":{"rendered":"Ski Openings 2023"},"content":{"rendered":"<div class=\"wpb-content-wrapper\"><p>[vc_row][vc_column width=&#8220;1\/1&#8243;][vc_column_text uncode_shortcode_id=&#8220;950528&#8243;]<\/p>\n<h2>Ski Openings 2023<\/h2>\n<p>Das Wetter ist winterlich geworden \u2744\ufe0f\u26f7\ufe0f\u2744\ufe0f In den h\u00f6her gelegenen Skigebieten liegt schon Schnee und es wird noch einiges mehr an Schnee in den n\u00e4chsten Tagen erwartet. Die ersten Skigebiete sind bereits ge\u00f6ffnet und das Pistenvergn\u00fcgen hat somit bereits begonnen. Die Spannung bei Ski-, Snowboard- und Langlauffans steigt \u2026 h\u00f6chste Zeit, die Highlights der Ski Openings 2023 f\u00fcr euch aufzulisten.<\/p>\n<p>Das Programm ist mit Top-Acts, Konzerten, kulinarischen \u00dcberraschungen und Workshops so vielf\u00e4ltig, dass bestimmt auch f\u00fcr dich bei den Ski Openings 2023 etwas dabei ist.[\/vc_column_text][\/vc_column][\/vc_row][vc_row][vc_column width=&#8220;1\/1&#8243;][vc_column_text uncode_shortcode_id=&#8220;959440&#8243;]<\/p>\n<h3>Ski Opening Gurgl<\/h3>\n<h4>\ud83d\udccd Obergurgl-Hochgurgl | 17.11.-18.11.2023<\/h4>\n<p>Die Ski- und Snowboardsaison in <a href=\"https:\/\/www.snowell.com\/skiverleih\/oesterreich\/tirol\/oetztal\/obergurgl\/\" target=\"_blank\" rel=\"noopener\">Obergurgl<\/a>-Hochgurgl startet dieses Jahr am 15. November!<\/p>\n<p>Auch ohne Gletscher startet das bis auf 3.000 Metern H\u00f6he gelegene Skigebiet als erstes Nicht-Gletscher-Gebiet der Alpen am 15. November in die Wintersaison 2023\/2024.<br \/>\nDie offizielle Er\u00f6ffnung des Skigebiets findet am Donnerstag, 16. November, mit einem DJ-Abend und DJ Ferino um 21:00 Uhr im Foyer des Gurgl Carat statt.<\/p>\n<p>Zudem k\u00f6nnen Skirennsportbegeisterte an diesem Wochenende den FIS-Ski-Weltcup-Slalom der Herren erstmals in Gurgl genie\u00dfen. Der Slalom findet am Samstag, 18. November, ab 10:00 Uhr statt. Die \u00d63 Party steigt an diesem Tag am Top Mountain Crosspoint.<\/p>\n<p>Sonntags kannst du an der Talstation der Hohe Mut Bahn an einem kostenlosen Skiguiding mit Dave Ryding teilnehmen. <a href=\"https:\/\/www.gurgl.com\/de\/erlebnisse\/shop\/SOE\/5f67e497-c039-4895-bcd6-660726ed0a60\/skiguiding-mit-dave-ryding-und-lokalen-ski-guides\" target=\"_blank\" rel=\"noopener\">Hier geht\u2019s zur Anmeldung<\/a>[\/vc_column_text][vc_column_text uncode_shortcode_id=&#8220;145805&#8243;]<iframe title=\"YouTube video player\" src=\"https:\/\/www.youtube.com\/embed\/zZUba9NWVLw\" width=\"560\" height=\"315\" frameborder=\"0\" allowfullscreen=\"allowfullscreen\"><\/iframe><br \/>\nSki Openings 2023 \u2744\ufe0f <a href=\"https:\/\/www.gurgl.com\/de\/winter.html\" target=\"_blank\" rel=\"noopener\">Obergurgl-Hochgurgl<\/a>[\/vc_column_text][\/vc_column][\/vc_row][vc_row][vc_column width=&#8220;1\/1&#8243;][vc_column_text uncode_shortcode_id=&#8220;674570&#8243;]<\/p>\n<h3>Top of the Mountains<\/h3>\n<h4>\ud83d\udccd Ischgl | 25.11.2023<\/h4>\n<p>Mit Demi Lovato hat <a href=\"https:\/\/www.snowell.com\/skiverleih\/oesterreich\/tirol\/paznaun-ischgl\/ischgl\/\" target=\"_blank\" rel=\"noopener\">Ischgl<\/a> es wieder geschafft! Am Samstag, den 25. November, wird ein gro\u00dfer Star die B\u00fchne betreten. Demi ist f\u00fcr ihr vielf\u00e4ltiges musikalisches Repertoire bekannt und Fans k\u00f6nnen sowohl die bekannten als auch die neuen Hits des Albums HOLY FVCK genie\u00dfen.<\/p>\n<p>Das Tolle ist, dass du kein separates Konzertticket ben\u00f6tigst! Wenn du eine Tageskarte kaufst, kannst du dich zun\u00e4chst auf der Piste und anschlie\u00dfend beim Konzert vergn\u00fcgen. Kann es noch besser werden? Top-Skigebiet und Top-Performance in einem.<\/p>\n<p>Save the date: Samstag, 25. November, 18:00 Uhr<br \/>\nSilvrettabahn A1, Parkplatz in Ischgl<br \/>\nDie Party beginnt um 16:30 Uhr mit DJ PantaRee[\/vc_column_text][vc_column_text uncode_shortcode_id=&#8220;198459&#8243;]<iframe title=\"YouTube video player\" src=\"https:\/\/www.youtube.com\/embed\/Od1U1SjTz1Q\" width=\"560\" height=\"315\" frameborder=\"0\" allowfullscreen=\"allowfullscreen\"><\/iframe><br \/>\nSki Openings 2023 \u2744\ufe0f <a href=\"https:\/\/www.ischgl.com\/de\" target=\"_blank\" rel=\"noopener\">Ischgl<\/a>[\/vc_column_text][\/vc_column][\/vc_row][vc_row][vc_column width=&#8220;1\/1&#8243;][vc_column_text uncode_shortcode_id=&#8220;656613&#8243;]<\/p>\n<h3>La Grande Premi\u00e8re<\/h3>\n<h4>\ud83d\udccd Val Thorens | 25.11.-26.11.2023<\/h4>\n<p>Was kannst du dir bei der La Grande Premiere in <a href=\"https:\/\/www.snowell.com\/skiverleih\/frankreich\/rhone-alpes\/savoie-savoyen\/val-thorens\/\" target=\"_blank\" rel=\"noopener\">Val Thorens<\/a> erwarten? Sicher viel Skifahren und Testen im gro\u00dfen Testcenter mitten im Schnee auf dem Place Caron. Au\u00dferdem gibt es einen Snowpark, verschiedene DJs sorgen f\u00fcr Partystimmung, es werden Bergfilme gezeigt und am Samstag um 17 Uhr findet eine Raclette-Party mit anschlie\u00dfendem Feuerwerk statt! <a href=\"https:\/\/www.valthorens.com\/en\/temps-fort\/la-grande-premiere\/\" target=\"_blank\" rel=\"noopener\">Das komplette Programm findest du hier<\/a>[\/vc_column_text][vc_column_text uncode_shortcode_id=&#8220;122631&#8243;]<iframe title=\"YouTube video player\" src=\"https:\/\/www.youtube.com\/embed\/8FjvGKDseKE\" width=\"560\" height=\"315\" frameborder=\"0\" allowfullscreen=\"allowfullscreen\"><span data-mce-type=\"bookmark\" style=\"display: inline-block; width: 0px; overflow: hidden; line-height: 0;\" class=\"mce_SELRES_start\">\ufeff<\/span><\/iframe><br \/>\nSki Openings 2023 \u2744\ufe0f <a href=\"https:\/\/www.valthorens.com\/en\/\" target=\"_blank\" rel=\"noopener\">Val Thorens<\/a>[\/vc_column_text][\/vc_column][\/vc_row][vc_row][vc_column width=&#8220;1\/1&#8243;][vc_column_text uncode_shortcode_id=&#8220;941702&#8243;]<\/p>\n<h3>Stanton Ski Open<\/h3>\n<h4>\ud83d\udccd St. Anton am Arlberg | 01.12.-03.12.2023<\/h4>\n<p>Die neue Skisaison wird in <a href=\"https:\/\/www.snowell.com\/skiverleih\/oesterreich\/tirol\/arlberg\/st-anton-am-arlberg\/\" target=\"_blank\" rel=\"noopener\">St. Anton am Arlberg<\/a> mit den Stanton Ski Open gefeiert. Was das ist? Konzerte mit Coverbands, DJs und Singer-Songwritern auf 3 B\u00fchnen, Foodtrucks und kostenlose Ski- und Snowboardtests. Dar\u00fcber hinaus gibt die Bergrettung Vortr\u00e4ge und Lawinenschulungen.<\/p>\n<p>An diesem Wochenende findet au\u00dferdem ein Safety Camp statt. Freerider werden auf die Freeride-Saison 2023\/2024 vorbereitet.<\/p>\n<p>Wann: Freitag, 01.12.2023- Sonntag, 03.12.2023<br \/>\nWo: im Zentrum von St. Anton am Arlberg<\/p>\n<p><a href=\"https:\/\/www.stantonamarlberg.com\/de\/events\/winter\/start-der-wintersaison\" target=\"_blank\" rel=\"noopener\">Weitere Informationen zu den verschiedenen Veranstaltungen<\/a>[\/vc_column_text][vc_column_text uncode_shortcode_id=&#8220;158778&#8243;]<iframe title=\"YouTube video player\" src=\"https:\/\/www.youtube.com\/embed\/bqKIYcxHg5s\" width=\"560\" height=\"315\" frameborder=\"0\" allowfullscreen=\"allowfullscreen\"><span data-mce-type=\"bookmark\" style=\"display: inline-block; width: 0px; overflow: hidden; line-height: 0;\" class=\"mce_SELRES_start\">\ufeff<\/span><span data-mce-type=\"bookmark\" style=\"display: inline-block; width: 0px; overflow: hidden; line-height: 0;\" class=\"mce_SELRES_start\">\ufeff<\/span><\/iframe><br \/>\nSki Openings 2023 \u2744\ufe0f <a href=\"https:\/\/www.stantonamarlberg.com\/de\/home\" target=\"_blank\" rel=\"noopener\">St. Anton am Arlberg<\/a>[\/vc_column_text][\/vc_column][\/vc_row][vc_row][vc_column width=&#8220;1\/1&#8243;][vc_column_text uncode_shortcode_id=&#8220;486534&#8243;]<\/p>\n<h3>Ski Opening Obertauern<\/h3>\n<h4>\ud83d\udccd Obertauern | 02.12.2023<\/h4>\n<p>Am 24. November werden in <a href=\"https:\/\/www.snowell.com\/skiverleih\/oesterreich\/salzburg\/region-obertauern\/obertauern\/\" target=\"_blank\" rel=\"noopener\">Obertauern<\/a> die ersten 26 Lifte er\u00f6ffnet. Doch ab dem 2. Dezember geht es dann richtig los! Dann bringt die \u00f6sterreichische Band \u201ePizzeria &amp; Jaus\u201c mit ihren zahlreichen Hits wie \u201eHooligans\u201c und \u201eLiebe zum Mitnehmen\u201c alle zum Tanzen und Abfeiern. <a href=\"https:\/\/www.obertauern.com\/events\/skiopening.html\" target=\"_blank\" rel=\"noopener\">Weitere Informationen findest du hier<\/a>[\/vc_column_text][vc_column_text uncode_shortcode_id=&#8220;165019&#8243;]<iframe title=\"YouTube video player\" src=\"https:\/\/www.youtube.com\/embed\/ogjtJz_v9qI\" width=\"560\" height=\"315\" frameborder=\"0\" allowfullscreen=\"allowfullscreen\"><span data-mce-type=\"bookmark\" style=\"display: inline-block; width: 0px; overflow: hidden; line-height: 0;\" class=\"mce_SELRES_start\">\ufeff<\/span><span data-mce-type=\"bookmark\" style=\"display: inline-block; width: 0px; overflow: hidden; line-height: 0;\" class=\"mce_SELRES_start\">\ufeff<\/span><span data-mce-type=\"bookmark\" style=\"display: inline-block; width: 0px; overflow: hidden; line-height: 0;\" class=\"mce_SELRES_start\">\ufeff<\/span><\/iframe><br \/>\nSki Openings 2023 \u2744\ufe0f <a href=\"https:\/\/www.obertauern.com\/\" target=\"_blank\" rel=\"noopener\">Obertauern<\/a>[\/vc_column_text][\/vc_column][\/vc_row][vc_row][vc_column width=&#8220;1\/1&#8243;][vc_column_text uncode_shortcode_id=&#8220;542411&#8243;]<\/p>\n<h3>Ski Opening Montafon<\/h3>\n<h4>\ud83d\udccd Montafon | 02.12.-03.12.2023<\/h4>\n<p>Jippie! Endlich ist es wieder soweit. Neue Wintersaison, neue Skimodelle. Also ab in die <a href=\"https:\/\/www.snowell.com\/skiverleih\/oesterreich\/vorarlberg\/montafon\/st-gallenkirch\/\" target=\"_blank\" rel=\"noopener\">Silvretta Montafon<\/a>, um die neuen Modelle zu testen und dann m\u00fcde, aber zufrieden ab 13:00 Uhr mit der DJ-Party im Bella Nova loslegen. Nach einer St\u00e4rkung in der Markthalle an der Talstation weiterfeiern mit der einzigartigen Live-Band Atze &amp; Kurt.<\/p>\n<p>Am Sonntag findet die Party in <a href=\"https:\/\/www.snowell.com\/skiverleih\/oesterreich\/vorarlberg\/montafon\/gargellen\/\" target=\"_blank\" rel=\"noopener\">Gargellen<\/a> statt. Es geht fr\u00fch los mit dem Fr\u00fchst\u00fcck inmitten der Berge im Schafberg H\u00fcsli und dann geht es ab auf die Piste! Um 15:00 Uhr ist Apr\u00e8s-Ski-Zeit an der Talstation der Schafbergbahn.<\/p>\n<p>Worauf wartest du? <a href=\"https:\/\/www.silvretta-montafon.at\/de\/onlineshop\/ticket-uebersicht\" target=\"_blank\" rel=\"noopener\">Buche jetzt gleich deine Skitickets<\/a>[\/vc_column_text][vc_column_text uncode_shortcode_id=&#8220;127579&#8243;]<iframe title=\"YouTube video player\" src=\"https:\/\/www.youtube.com\/embed\/1eeBDXVJS-Q\" width=\"560\" height=\"315\" frameborder=\"0\" allowfullscreen=\"allowfullscreen\"><span data-mce-type=\"bookmark\" style=\"display: inline-block; width: 0px; overflow: hidden; line-height: 0;\" class=\"mce_SELRES_start\">\ufeff<\/span><span data-mce-type=\"bookmark\" style=\"display: inline-block; width: 0px; overflow: hidden; line-height: 0;\" class=\"mce_SELRES_start\">\ufeff<\/span><span data-mce-type=\"bookmark\" style=\"display: inline-block; width: 0px; overflow: hidden; line-height: 0;\" class=\"mce_SELRES_start\">\ufeff<\/span><\/iframe><br \/>\nSki Openings 2023 \u2744\ufe0f <a href=\"https:\/\/www.silvretta-montafon.at\/de\" target=\"_blank\" rel=\"noopener\">Montafon<\/a>[\/vc_column_text][\/vc_column][\/vc_row][vc_row][vc_column width=&#8220;1\/1&#8243;][vc_column_text uncode_shortcode_id=&#8220;191132&#8243;]<\/p>\n<h3>Powder Week<\/h3>\n<h4>\ud83d\udccd Les 2 Alpes | 02.12.-09.12.2023<\/h4>\n<p>Alleine das Skifahren und Snowboarden in diesem fantastischen Gletscherskigebiet von <a href=\"https:\/\/www.snowell.com\/skiverleih\/frankreich\/rhone-alpes\/isere\/les-deux-alpes\/\" target=\"_blank\" rel=\"noopener\">Les 2 Alpes<\/a> ist magisch. Aber w\u00e4hrend der <a href=\"https:\/\/www.snowtrex.de\/?code=4842\" target=\"_blank\" rel=\"noopener\">Snowtrex<\/a> Powder Week gibt es zus\u00e4tzlich ein cooles Apr\u00e8s-Ski-Programm mit Opening &amp; Bad-Taste-Party (hol den h\u00e4sslichen (Weihnachts-)Pullover aus dem Kleiderschrank), Snow-Volleyball- und Frisbee-Turnier, DJs und einem traditionellen Raclette-Abend.<\/p>\n<p>Vor und w\u00e4hrend der Open-Air-Musikveranstaltungen gibt es Gl\u00fchwein, Wurst und alkoholfreie hei\u00dfe Schokolade. <a href=\"https:\/\/www.snowtrex.de\/?code=4842\" target=\"_blank\" rel=\"noopener\">Mehr Infos gibt\u2019s hier<\/a>[\/vc_column_text][vc_column_text uncode_shortcode_id=&#8220;207101&#8243;]<iframe title=\"YouTube video player\" src=\"https:\/\/www.youtube.com\/embed\/y8kiexI61x4\" width=\"560\" height=\"315\" frameborder=\"0\" allowfullscreen=\"allowfullscreen\"><span data-mce-type=\"bookmark\" style=\"display: inline-block; width: 0px; overflow: hidden; line-height: 0;\" class=\"mce_SELRES_start\">\ufeff<\/span><span data-mce-type=\"bookmark\" style=\"display: inline-block; width: 0px; overflow: hidden; line-height: 0;\" class=\"mce_SELRES_start\">\ufeff<\/span><span data-mce-type=\"bookmark\" style=\"display: inline-block; width: 0px; overflow: hidden; line-height: 0;\" class=\"mce_SELRES_start\">\ufeff<\/span><\/iframe><br \/>\nSki Openings 2023 \u2744\ufe0f <a href=\"https:\/\/www.les2alpes.com\/winter\/\" target=\"_blank\" rel=\"noopener\">Les 2 Alpes<\/a>[\/vc_column_text][\/vc_column][\/vc_row][vc_row][vc_column width=&#8220;1\/1&#8243;][vc_column_text uncode_shortcode_id=&#8220;127954&#8243;]<\/p>\n<h3>Ski Opening Schladming Dachstein mit Robbie Williams<\/h3>\n<h4>\ud83d\udccd Schladming Dachstein | 07.12.-08.12.2023<\/h4>\n<p>Unglaublich, aber wahr! Der Superstar Robbie Williams kommt zur Er\u00f6ffnung der Skisaison nach <a href=\"https:\/\/www.snowell.com\/skiverleih\/oesterreich\/steiermark\/schladming-dachstein\/schladming\/\" target=\"_blank\" rel=\"noopener\">Schladming<\/a> Dachstein. Robbie war letzten Sommer sogar pers\u00f6nlich dort, wo er am 7. und 8. Dezember 2023 auftreten wird (ja, richtig gelesen: 2 Tage hintereinander!). Das Planai-Stadion wird in seinen Grundfesten erbeben, denn nicht nur Robbie Williams, sondern auch die bekannten DJs Lost Frequencies und Da Tweekaz werden auftreten.<\/p>\n<p>Der gro\u00dfe Entertainer Williams feiert sein 25-j\u00e4hriges Jubil\u00e4um als Solok\u00fcnstler und wird zweifellos seine gr\u00f6\u00dften Hits \u201eAngels\u201c und \u201eLet me entertain you\u201c singen. Die B\u00fchne wird mit mehr als 100 m\u00b2 LED-Beleuchtung und einer imposanten Laser- und Pyrotechnik-Show gigantisch sein.<\/p>\n<p>Diese fantastische Show kannst du jeweils ab 20:00 Uhr am Donnerstag, den 07.12.2023 oder Freitag, den 08.12.2023 erleben.\u00a0<a href=\"https:\/\/www.oeticket.com\/event\/ski-opening-2023-robbie-williams-zielarena-schladming-17385912\/?affiliate=SHA\" target=\"_blank\" rel=\"noopener\">Jetzt Tickets sichern<\/a>[\/vc_column_text][vc_column_text uncode_shortcode_id=&#8220;192683&#8243;]<iframe title=\"YouTube video player\" src=\"https:\/\/www.youtube.com\/embed\/sAQIGImdo9M\" width=\"560\" height=\"315\" frameborder=\"0\" allowfullscreen=\"allowfullscreen\"><span data-mce-type=\"bookmark\" style=\"display: inline-block; width: 0px; overflow: hidden; line-height: 0;\" class=\"mce_SELRES_start\">\ufeff<\/span><span data-mce-type=\"bookmark\" style=\"display: inline-block; width: 0px; overflow: hidden; line-height: 0;\" class=\"mce_SELRES_start\">\ufeff<\/span><span data-mce-type=\"bookmark\" style=\"display: inline-block; width: 0px; overflow: hidden; line-height: 0;\" class=\"mce_SELRES_start\">\ufeff<\/span><\/iframe><br \/>\nSki Openings 2023 \u2744\ufe0f <a href=\"https:\/\/www.schladming-dachstein.at\/de\" target=\"_blank\" rel=\"noopener\">Schladming Dachstein<\/a>[\/vc_column_text][\/vc_column][\/vc_row][vc_row][vc_column width=&#8220;1\/1&#8243;][vc_column_text uncode_shortcode_id=&#8220;182035&#8243;]<\/p>\n<h3>Bergfestival &amp; Rave on Snow<\/h3>\n<h4>\ud83d\udccd Saalbach Hinterglemm | 07.12.-08.12.2023 &amp; 14.12-17.12.2023<\/h4>\n<p>Im Skicircus <a href=\"https:\/\/www.snowell.com\/skiverleih\/oesterreich\/salzburg\/saalbach-hinterglemm\/saalbach\/\" target=\"_blank\" rel=\"noopener\">Saalbach<\/a>&#8211;<a href=\"https:\/\/www.snowell.com\/skiverleih\/oesterreich\/salzburg\/saalbach-hinterglemm\/hinterglemm\/\" target=\"_blank\" rel=\"noopener\">Hinterglemm<\/a>&#8211;<a href=\"https:\/\/www.snowell.com\/skiverleih\/oesterreich\/salzburg\/saalfelden-leogang\/leogang\/\" target=\"_blank\" rel=\"noopener\">Leogang<\/a>&#8211;<a href=\"https:\/\/www.snowell.com\/skiverleih\/oesterreich\/tirol\/kitzbueheler-alpen-pillerseetal\/fieberbrunn\/\" target=\"_blank\" rel=\"noopener\">Fieberbrunn<\/a> kannst du fast den gesamten Monat Dezember feiern. Los geht\u2018s am 07.12.2023 mit Rock beim Bergfestival und wenn du dich etwas erholt hast, kannst du ab dem 14.12.2023 4 Tage lang beim \u201eRave on Snow\u201c Party machen.<\/p>\n<h4>Bergfestival<\/h4>\n<p>Die Wintersaison in Saalbach Hinterglemm wird vom 8. bis 10. Dezember mit einem rockigen Start er\u00f6ffnet mit der Indie-Rock-Band Bilderbuch und LaBrassBanda, Querbeat, die Punkrocker Massendefekt und vielen mehr.<\/p>\n<p>Es gibt noch Tageskarten f\u00fcr Freitag und Samstag oder 2-Tages-Festivalkarten. <a href=\"https:\/\/www.berg-festival.com\/\" target=\"_blank\" rel=\"noopener\">Jetzt buchen<\/a>[\/vc_column_text][vc_column_text uncode_shortcode_id=&#8220;413974&#8243;]<iframe title=\"YouTube video player\" src=\"https:\/\/www.youtube.com\/embed\/eJ40LmfZOBM\" width=\"560\" height=\"315\" frameborder=\"0\" allowfullscreen=\"allowfullscreen\"><span data-mce-type=\"bookmark\" style=\"display: inline-block; width: 0px; overflow: hidden; line-height: 0;\" class=\"mce_SELRES_start\">\ufeff<\/span><span data-mce-type=\"bookmark\" style=\"display: inline-block; width: 0px; overflow: hidden; line-height: 0;\" class=\"mce_SELRES_start\">\ufeff<\/span><span data-mce-type=\"bookmark\" style=\"display: inline-block; width: 0px; overflow: hidden; line-height: 0;\" class=\"mce_SELRES_start\">\ufeff<\/span><span data-mce-type=\"bookmark\" style=\"display: inline-block; width: 0px; overflow: hidden; line-height: 0;\" class=\"mce_SELRES_start\">\ufeff<\/span><span data-mce-type=\"bookmark\" style=\"display: inline-block; width: 0px; overflow: hidden; line-height: 0;\" class=\"mce_SELRES_start\">\ufeff<\/span><\/iframe><br \/>\nSki Openings 2023 \u2744\ufe0f <a href=\"https:\/\/www.saalbach.com\/de\" target=\"_blank\" rel=\"noopener\">Saalbach Hinterglemm<\/a>[\/vc_column_text][vc_column_text uncode_shortcode_id=&#8220;164116&#8243;]<\/p>\n<h4>Rave on Snow<\/h4>\n<p>Raver aufgepasst\u2026 vom 14. bis 17. Dezember findet wieder ein Rave am Berg statt. Es ist bereits die 30. Ausgabe dieses gro\u00dfartigen Festivals. Nicht nur auf dem Dorfplatz, sondern auch auf dem Schattberg auf 2095 Metern H\u00f6he und in den verschiedenen H\u00fctten k\u00f6nnen Raver mit \u00fcber 60 K\u00fcnstlern und DJs abfeiern. <a href=\"https:\/\/raveonsnow.com\/lineup\" target=\"_blank\" rel=\"noopener\">Lineup 2023<\/a>[\/vc_column_text][vc_column_text uncode_shortcode_id=&#8220;840205&#8243;]<iframe title=\"YouTube video player\" src=\"https:\/\/www.youtube.com\/embed\/oVeMFZTKBL8\" width=\"560\" height=\"315\" frameborder=\"0\" allowfullscreen=\"allowfullscreen\"><span data-mce-type=\"bookmark\" style=\"display: inline-block; width: 0px; overflow: hidden; line-height: 0;\" class=\"mce_SELRES_start\">\ufeff<\/span><span data-mce-type=\"bookmark\" style=\"display: inline-block; width: 0px; overflow: hidden; line-height: 0;\" class=\"mce_SELRES_start\">\ufeff<\/span><span data-mce-type=\"bookmark\" style=\"display: inline-block; width: 0px; overflow: hidden; line-height: 0;\" class=\"mce_SELRES_start\">\ufeff<\/span><span data-mce-type=\"bookmark\" style=\"display: inline-block; width: 0px; overflow: hidden; line-height: 0;\" class=\"mce_SELRES_start\">\ufeff<\/span><\/iframe><br \/>\nSki Openings 2023 \u2744\ufe0f <a href=\"https:\/\/www.saalbach.com\/de\" target=\"_blank\" rel=\"noopener\">Saalbach Hinterglemm<\/a>[\/vc_column_text][\/vc_column][\/vc_row][vc_row][vc_column width=&#8220;1\/1&#8243;][vc_column_text uncode_shortcode_id=&#8220;796103&#8243;]<\/p>\n<h3>Humorfestival<\/h3>\n<h4>\ud83d\udccd Arosa | 07.12.-17.12.2023<\/h4>\n<p>Das gr\u00f6sste Comedy- und Kabarettfestival der Schweiz mit vielen in- und ausl\u00e4ndischen K\u00fcnstlern findet auch diese Wintersaison vom 7. bis 17. Dezember in <a href=\"https:\/\/www.snowell.com\/skiverleih\/schweiz\/graubuenden\/region-graubuenden\/arosa\/\" target=\"_blank\" rel=\"noopener\">Arosa<\/a> statt.<\/p>\n<p>Mitten im Skigebiet, bei der Tschuggenh\u00fctte, wird ein gro\u00dfes Festzelt aufgebaut. Nimm den Lift oder laufe hinauf und im Anschluss mit den Skiern ins Tal. Alles ist m\u00f6glich.<br \/>\n<a href=\"https:\/\/www.humorfestival.swiss\/humorfestival\/programm\" target=\"_blank\" rel=\"noopener\">Das Programm findest du hier\u00a0<\/a> \u00a0 | \u00a0 <a href=\"https:\/\/www.humorfestival.swiss\/humorfestival\/tickets\" target=\"_blank\" rel=\"noopener\">Buche jetzt deine Tickets<\/a>[\/vc_column_text][vc_column_text uncode_shortcode_id=&#8220;353410&#8243;]<iframe title=\"YouTube video player\" src=\"https:\/\/www.youtube.com\/embed\/5PhH8tUSSp0\" width=\"560\" height=\"315\" frameborder=\"0\" allowfullscreen=\"allowfullscreen\"><span data-mce-type=\"bookmark\" style=\"display: inline-block; width: 0px; overflow: hidden; line-height: 0;\" class=\"mce_SELRES_start\">\ufeff<\/span><span data-mce-type=\"bookmark\" style=\"display: inline-block; width: 0px; overflow: hidden; line-height: 0;\" class=\"mce_SELRES_start\">\ufeff<\/span><span data-mce-type=\"bookmark\" style=\"display: inline-block; width: 0px; overflow: hidden; line-height: 0;\" class=\"mce_SELRES_start\">\ufeff<\/span><\/iframe><br \/>\nSki Openings 2023 \u2744\ufe0f <a href=\"https:\/\/arosalenzerheide.swiss\/de\/Arosa\" target=\"_blank\" rel=\"noopener\">Arosa<\/a>[\/vc_column_text][\/vc_column][\/vc_row][vc_row][vc_column width=&#8220;1\/1&#8243;][vc_column_text uncode_shortcode_id=&#8220;511053&#8243;]<\/p>\n<h3>Hochzeiger Open Air<\/h3>\n<h4>\ud83d\udccd Jerzens \/ Pitztal | 09.12.2023<\/h4>\n<p>Bevor die Party in <a href=\"https:\/\/www.snowell.com\/skiverleih\/oesterreich\/tirol\/pitztal\/jerzens\/\" target=\"_blank\" rel=\"noopener\">Jerzens<\/a> losgeht, kannst du morgens zun\u00e4chst ein paar Schw\u00fcnge im Schnee ziehen. Und dann ist es Zeit f\u00fcr Paaarrrrttyyy. Fahre mit der Bahn zur Mittelstation Hochzeiger und tobe dich zum Sound von WANDA aus. Die Wiener Kultband ist bekannt f\u00fcr ihre Lieder \u201eBussi Baby\u201c, \u201eColumbo\u201c und \u201eCiao\u201c und sorgt \u00fcberall dort, wo sie auftreten, f\u00fcr sagenhafte Stimmung.<\/p>\n<p>Mit einem Skipassticket kannst du das Konzert kostenlos besuchen. Wenn du zu Fu\u00df unterwegs bist, kannst du eine Konzertkarte mit Berg- und Talfahrt kaufen. Tickets sind online oder an der Abendkasse erh\u00e4ltlich.<\/p>\n<p>Wann &amp; Wo?<br \/>\nSamstag, 09.12.2023 um 13:00 Uhr | Auf 2000 Metern H\u00f6he an der Hochzeiger Mittelstation<br \/>\nAufw\u00e4rmen mit \u00d63-DJ und anschlie\u00dfend WANDA um 14:00 Uhr[\/vc_column_text][vc_column_text uncode_shortcode_id=&#8220;114694&#8243;]<iframe title=\"YouTube video player\" src=\"https:\/\/www.youtube.com\/embed\/E0TLZPxFM_o\" width=\"560\" height=\"315\" frameborder=\"0\" allowfullscreen=\"allowfullscreen\"><span data-mce-type=\"bookmark\" style=\"display: inline-block; width: 0px; overflow: hidden; line-height: 0;\" class=\"mce_SELRES_start\">\ufeff<\/span><span data-mce-type=\"bookmark\" style=\"display: inline-block; width: 0px; overflow: hidden; line-height: 0;\" class=\"mce_SELRES_start\">\ufeff<\/span><span data-mce-type=\"bookmark\" style=\"display: inline-block; width: 0px; overflow: hidden; line-height: 0;\" class=\"mce_SELRES_start\">\ufeff<\/span><span data-mce-type=\"bookmark\" style=\"display: inline-block; width: 0px; overflow: hidden; line-height: 0;\" class=\"mce_SELRES_start\">\ufeff<\/span><\/iframe><br \/>\nSki Openings 2023 \u2744\ufe0f <a href=\"https:\/\/www.pitztal.com\/de\" target=\"_blank\" rel=\"noopener\">Jerzens<\/a>[\/vc_column_text][\/vc_column][\/vc_row][vc_row][vc_column width=&#8220;1\/1&#8243;][vc_column_text uncode_shortcode_id=&#8220;691734&#8243;]<\/p>\n<h3>Gourmet Skisafari<\/h3>\n<h4>\ud83d\udccd Alta Badia | 09.12.2023<\/h4>\n<p>In S\u00fcdtirol und in <a href=\"https:\/\/www.snowell.com\/skiverleih\/italien\/trentino-suedtirol\/alta-badia\/alta-badia-san-cassiano-sankt-kassian\/\" target=\"_blank\" rel=\"noopener\">Alta Badia<\/a> geht man das anders an. Keine DJs, sondern Sternek\u00f6che, die k\u00f6stliche Gerichte und Spitzenweine zaubern, vom Osso Buco bis zum Pilz-Cappuccino. L\u00e4uft dir schon das Wasser im Mund zusammen?<\/p>\n<p>F\u00fcr eine komplette Gourmet-Skisafari-Tour zahlst du 80 Euro. Daf\u00fcr erh\u00e4ltst du 4 Gerichte und 4 Gl\u00e4ser Wein. Dazu einzigartiges Pistenvergn\u00fcgen in den Dolomiten. Ein super Deal, oder?<\/p>\n<p>Dieses fantastische Paket kannst du <a href=\"https:\/\/www.altabadia.org\/de\/events\/gourmet-skisafari.html\" target=\"_blank\" rel=\"noopener\">hier buchen<\/a>[\/vc_column_text][vc_column_text uncode_shortcode_id=&#8220;188707&#8243;]<iframe title=\"YouTube video player\" src=\"https:\/\/www.youtube.com\/embed\/UKHmRvJArbU\" width=\"560\" height=\"315\" frameborder=\"0\" allowfullscreen=\"allowfullscreen\"><span data-mce-type=\"bookmark\" style=\"display: inline-block; width: 0px; overflow: hidden; line-height: 0;\" class=\"mce_SELRES_start\">\ufeff<\/span><span data-mce-type=\"bookmark\" style=\"display: inline-block; width: 0px; overflow: hidden; line-height: 0;\" class=\"mce_SELRES_start\">\ufeff<\/span><span data-mce-type=\"bookmark\" style=\"display: inline-block; width: 0px; overflow: hidden; line-height: 0;\" class=\"mce_SELRES_start\">\ufeff<\/span><span data-mce-type=\"bookmark\" style=\"display: inline-block; width: 0px; overflow: hidden; line-height: 0;\" class=\"mce_SELRES_start\">\ufeff<\/span><span data-mce-type=\"bookmark\" style=\"display: inline-block; width: 0px; overflow: hidden; line-height: 0;\" class=\"mce_SELRES_start\">\ufeff<\/span><\/iframe><br \/>\nSki Openings 2023 \u2744\ufe0f <a href=\"https:\/\/www.altabadia.org\/de\/alta-badia-dolomiten-suedtirol.html\" target=\"_blank\" rel=\"noopener\">Alta Badia<\/a>[\/vc_column_text][\/vc_column][\/vc_row][vc_row][vc_column width=&#8220;1\/1&#8243;][vc_column_text uncode_shortcode_id=&#8220;130000&#8243;]<\/p>\n<h3>WAO! Festival<\/h3>\n<h4>\ud83d\udccd Mayrhofen | 15.12.-17.12.2023<\/h4>\n<p>Das WAO! Festival in <a href=\"https:\/\/www.snowell.com\/skiverleih\/oesterreich\/tirol\/mayrhofen-hippach-zillertal\/mayrhofen\/\" target=\"_blank\" rel=\"noopener\">Mayrhofen<\/a> ist mehr als nur feiern. Neben sagenhaftem Sound, gibt es Challenges (Tik Tok-Ski Ralley) und inspirierende Speaker, Influencer und YouTuber. Am Er\u00f6ffnungstag wird beispielsweise das Thema Mental Health besprochen. Zudem gibt es nat\u00fcrlich jede Menge tolle Beats mit dem weltber\u00fchmten DJ Lost Frequencies oder auch DJ Topic, Pretty Pink und F\u00e4t Tony.<\/p>\n<p>Tickets sind nur f\u00fcr die Musik oder Musik + Redner oder Musik + Redner + Skipass f\u00fcr 2 Tage erh\u00e4ltlich. Also f\u00fcr jeden etwas dabei. <a href=\"https:\/\/www.mayrhofen.at\/de\/pages\/wao-festival\" target=\"_blank\" rel=\"noopener\">Jetzt buchen<\/a>[\/vc_column_text][vc_column_text uncode_shortcode_id=&#8220;226515&#8243;]<iframe title=\"YouTube video player\" src=\"https:\/\/www.youtube.com\/embed\/7SVMfwpmb2M?si=EkngcKCmoTRShzVg\" width=\"560\" height=\"315\" frameborder=\"0\" allowfullscreen=\"allowfullscreen\"><span data-mce-type=\"bookmark\" style=\"display: inline-block; width: 0px; overflow: hidden; line-height: 0;\" class=\"mce_SELRES_start\">\ufeff<\/span><span data-mce-type=\"bookmark\" style=\"display: inline-block; width: 0px; overflow: hidden; line-height: 0;\" class=\"mce_SELRES_start\">\ufeff<\/span><span data-mce-type=\"bookmark\" style=\"display: inline-block; width: 0px; overflow: hidden; line-height: 0;\" class=\"mce_SELRES_start\">\ufeff<\/span><span data-mce-type=\"bookmark\" style=\"display: inline-block; width: 0px; overflow: hidden; line-height: 0;\" class=\"mce_SELRES_start\">\ufeff<\/span><span data-mce-type=\"bookmark\" style=\"display: inline-block; width: 0px; overflow: hidden; line-height: 0;\" class=\"mce_SELRES_start\">\ufeff<\/span><span data-mce-type=\"bookmark\" style=\"display: inline-block; width: 0px; overflow: hidden; line-height: 0;\" class=\"mce_SELRES_start\">\ufeff<\/span><\/iframe><br \/>\nSki Openings 2023 \u2744\ufe0f <a href=\"https:\/\/www.mayrhofen.at\/de\/pages\/wao-festival\" target=\"_blank\" rel=\"noopener\">Mayrhofen<\/a>[\/vc_column_text][\/vc_column][\/vc_row]<\/p>\n<\/div>","protected":false},"excerpt":{"rendered":"<p>[vc_row][vc_column width=&#8220;1\/1&#8243;][vc_column_text uncode_shortcode_id=&#8220;950528&#8243;] Ski Openings 2023 Das Wetter ist winterlich geworden \u2744\ufe0f\u26f7\ufe0f\u2744\ufe0f In den h\u00f6her gelegenen Skigebieten liegt schon Schnee [&hellip;]<\/p>\n","protected":false},"author":3,"featured_media":3925,"comment_status":"closed","ping_status":"open","sticky":false,"template":"","format":"standard","meta":{"footnotes":""},"categories":[453],"tags":[67,501],"class_list":["post-3908","post","type-post","status-publish","format-standard","has-post-thumbnail","hentry","category-skiurlaub-news","tag-snowell-tipp","tag-veranstaltungen"],"_links":{"self":[{"href":"https:\/\/www.snowell.com\/ski-tips\/wp-json\/wp\/v2\/posts\/3908","targetHints":{"allow":["GET"]}}],"collection":[{"href":"https:\/\/www.snowell.com\/ski-tips\/wp-json\/wp\/v2\/posts"}],"about":[{"href":"https:\/\/www.snowell.com\/ski-tips\/wp-json\/wp\/v2\/types\/post"}],"author":[{"embeddable":true,"href":"https:\/\/www.snowell.com\/ski-tips\/wp-json\/wp\/v2\/users\/3"}],"replies":[{"embeddable":true,"href":"https:\/\/www.snowell.com\/ski-tips\/wp-json\/wp\/v2\/comments?post=3908"}],"version-history":[{"count":18,"href":"https:\/\/www.snowell.com\/ski-tips\/wp-json\/wp\/v2\/posts\/3908\/revisions"}],"predecessor-version":[{"id":4997,"href":"https:\/\/www.snowell.com\/ski-tips\/wp-json\/wp\/v2\/posts\/3908\/revisions\/4997"}],"wp:featuredmedia":[{"embeddable":true,"href":"https:\/\/www.snowell.com\/ski-tips\/wp-json\/wp\/v2\/media\/3925"}],"wp:attachment":[{"href":"https:\/\/www.snowell.com\/ski-tips\/wp-json\/wp\/v2\/media?parent=3908"}],"wp:term":[{"taxonomy":"category","embeddable":true,"href":"https:\/\/www.snowell.com\/ski-tips\/wp-json\/wp\/v2\/categories?post=3908"},{"taxonomy":"post_tag","embeddable":true,"href":"https:\/\/www.snowell.com\/ski-tips\/wp-json\/wp\/v2\/tags?post=3908"}],"curies":[{"name":"wp","href":"https:\/\/api.w.org\/{rel}","templated":true}]}}