{"id":6336,"date":"2025-10-24T11:00:26","date_gmt":"2025-10-24T09:00:26","guid":{"rendered":"https:\/\/www.snowell.com\/ski-tips\/?p=6336"},"modified":"2026-03-26T09:43:08","modified_gmt":"2026-03-26T08:43:08","slug":"ski-alpin-weltcup-2025-2026","status":"publish","type":"post","link":"https:\/\/www.snowell.com\/ski-tips\/ski-alpin-weltcup-2025-2026\/","title":{"rendered":"Ski Alpin Weltcup 2025\/2026"},"content":{"rendered":"<div class=\"wpb-content-wrapper\"><p>[vc_row][vc_column width=&#8220;1\/1&#8243;][vc_column_text uncode_shortcode_id=&#8220;200108&#8243;]<\/p>\n<h2>FIS Ski Alpin Weltcup 2025\/2026 &#8211; Termine &amp; Orte<\/h2>\n<p>Der Ski-Weltcup startet mit dem Riesentorlauf der Damen und Herren am Rettenbachgletscher in S\u00f6lden am 25.10.+26.10.2025 in die Olympiasaison 2026. Darum haben wir dir in unserem Kalender f\u00fcr den Ski Alpin Weltcup 2025\/2026 eine \u00dcbersicht der 85 Rennen zusammengestellt. Ebenso findest du n\u00fctzliche Links zu Ergebnislisten, dem Stand in den einzelnen Disziplinen, im Gesamtweltcup, den Teams, etc. Zudem gibt es auf unserem Instagram-Account interessante und spektakul\u00e4re Videos zu den Bewerben.<\/p>\n<p><a href=\"#anker1\">Neuigkeiten im Weltcup-Winter 2025\/2026<\/a><\/p>\n<p><a href=\"#anker2\">Ski Alpin Herren + Damen | Termine &amp; Ergebnisse 2025\/2026<\/a><\/p>\n<p><a href=\"#anker3\">Wertung Gesamtweltcup + Disziplinen 2025\/2026<\/a><\/p>\n<p><a href=\"#anker4\">Kader und Athleten 2025\/2026<\/a>[\/vc_column_text][\/vc_column][\/vc_row][vc_row][vc_column width=&#8220;1\/1&#8243;][vc_column_text uncode_shortcode_id=&#8220;436555&#8243;]<\/p>\n<h3 id=\"anker1\">Neuigkeiten im Weltcup-Winter 2025\/2026<\/h3>\n<h4>FIS Ski Weltcup 2025\/26 \u2013 Alles zur 60. Jubil\u00e4umssaison<\/h4>\n<p>Die Saison 2025\/26 des FIS Alpinen Skiweltcups markiert ein ganz besonderes Jubil\u00e4um: Zum 60. Mal treten die besten Skifahrerinnen und Skifahrer der Welt gegeneinander an. Von Oktober 2025 bis M\u00e4rz 2026 k\u00e4mpfen sie in 75 Einzelrennen (38 Herren, 37 Damen) um Kristallkugeln, FIS-Punkte und Prestige \u2013 mit dem Highlight: den 25. Olympischen Winterspielen in Mailand-Cortina 2026.<\/p>\n<h4>Der Start in S\u00f6lden im \u00d6tztal und spektakul\u00e4res Finale in Lillehammer<\/h4>\n<p>Traditionell startet der Weltcup mit den Riesenslaloms in <a href=\"https:\/\/www.snowell.com\/skiverleih\/oesterreich\/tirol\/oetztal\/soelden\/\" target=\"_blank\" rel=\"noopener\">S\u00f6lden<\/a> (25.\u201326. Oktober). Danach geht es weiter in die USA, wo Copper Mountain nach \u00fcber 20 Jahren Pause wieder in den Rennkalender zur\u00fcckkehrt. Die europ\u00e4ischen Klassiker folgen im Dezember mit Stationen wie <a href=\"https:\/\/www.snowell.com\/skiverleih\/italien\/trentino-suedtirol\/groeden-val-gardena\/wolkenstein-selva-gardena\/\" target=\"_blank\" rel=\"noopener\">Val Gardena<\/a>, Val d\u2019Is\u00e8re, Adelboden, <a href=\"https:\/\/www.snowell.com\/skiverleih\/schweiz\/bern\/berner-oberland\/wengen\/\" target=\"_blank\" rel=\"noopener\">Wengen<\/a>, <a href=\"https:\/\/www.snowell.com\/skiverleih\/oesterreich\/tirol\/kitzbuehel-the-legend\/kitzbuehel\/\" target=\"_blank\" rel=\"noopener\">Kitzb\u00fchel<\/a> und <a href=\"https:\/\/www.snowell.com\/skiverleih\/oesterreich\/steiermark\/schladming-dachstein\/schladming\/\" target=\"_blank\" rel=\"noopener\">Schladming<\/a>. Ein besonderes Deb\u00fct feiert Tarvisio (Italien) im Januar \u2013 Austragungsort der Junioren-WM 2025.<\/p>\n<p>Nach einer Olympia-Pause vom 6. bis 22. Februar (5 Herrenrennen in <a href=\"https:\/\/www.snowell.com\/skiverleih\/italien\/lombardei\/sondrio\/bormio\/\" target=\"_blank\" rel=\"noopener\">Bormio<\/a>, 5 Damenrennen in <a href=\"https:\/\/www.snowell.com\/skiverleih\/italien\/venetien\/belluno\/cortina-d-ampezzo\/\" target=\"_blank\" rel=\"noopener\">Cortina d\u2019Ampezzo)<\/a> geht es mit Speedrennen in <a href=\"https:\/\/www.snowell.com\/skiverleih\/deutschland\/bayern\/zugspitz-region\/garmisch-partenkirchen\/\" target=\"_blank\" rel=\"noopener\">Garmisch-Partenkirchen<\/a> weiter. Das gro\u00dfe Weltcup-Finale findet vom 19. bis 25. M\u00e4rz in Lillehammer (Norwegen) statt \u2013 auf den legend\u00e4ren Pisten der Spiele von 1994.<\/p>\n<h4>Herren: Kann jemand Marco Odermatt stoppen?<\/h4>\n<p>Marco Odermatt ist auch 2025\/26 das Ma\u00df aller Dinge. Der Schweizer dominierte zuletzt die Abfahrts-, Super-G- und Riesenslalomwertung und jagt nun seinen f\u00fcnften Gesamtweltcup-Titel in Folge \u2013 ein Rekord, der ihn direkt hinter Marcel Hirscher (8 Titel) einordnen w\u00fcrde.<\/p>\n<p>Seine gr\u00f6\u00dften Herausforderer sind Henrik Kristoffersen (Slalomkugel-Gewinner und Gesamtzweiter), Lo\u00efc Meillard, der in beiden technischen Disziplinen Podien holte, und Franjo von Allmen, der amtierende Abfahrtsweltmeister. Auch Vincent Kriechmayr und Jack Crawford wollen im Speedbereich mitmischen.<\/p>\n<p>Lucas Pinheiro Braathen, der nach seinem historischen Podium f\u00fcr Brasilien, will erstmals um den Gesamtweltcup mitk\u00e4mpfen. Der ehemalige Weltcup-Dominator Marcel Hirscher arbeitet mit Hochdruck an seinem Comeback nach Verletzung &#8211; diesmal unter niederl\u00e4ndischer Flagge.<\/p>\n<h4>Damen: Shiffrin, Gut-Behrami und Vonn im Fokus<\/h4>\n<p>Bei den Damen fehlt leider Federica Brignone verletzungsbedingt zum Saisonstart, nachdem sie 2025 den Gesamtweltcup gewann. Ihre Abwesenheit er\u00f6ffnet Chancen f\u00fcr Mikaela Shiffrin und Lara Gut-Behrami. Shiffrin, die mit 101 Weltcupsiegen absolute Rekordhalterin ist, greift nach ihrem 6. Gesamtweltcup und der 9. Slalomkugel.<\/p>\n<p>Gut-Behrami will ihre Karriere mit einem dritten Gesamtsieg kr\u00f6nen, w\u00e4hrend Lindsey Vonn nach ihrem erfolgreichen Comeback mit 40 Jahren noch einmal die Olympischen Spiele anpeilt.<\/p>\n<p>In der jungen Generation sorgt Zrinka Ljutic (Kroatien) als Slalom-Gesamtsiegerin f\u00fcr frischen Wind, ebenso Camille Rast (Schweiz), Alice Robinson (Neuseeland) und Lara Colturi (Albanien), die als Teenager bereits Weltcup-Podien erreichte.<\/p>\n<h4>Fazit<\/h4>\n<p>Die Skiweltcup-Saison 2025\/26 verspricht Spannung pur \u2013 von der Jagd auf Odermatt bis zum Comeback von Vonn. Mit neuen Austragungsorten, Olympischem Flair und legend\u00e4ren Klassikern ist sie ein absolutes Muss f\u00fcr alle Fans des alpinen Skisports.[\/vc_column_text][\/vc_column][\/vc_row][vc_row][vc_column width=&#8220;1\/1&#8243;][vc_column_text uncode_shortcode_id=&#8220;105410&#8243;]<iframe title=\"YouTube video player\" src=\"https:\/\/www.youtube.com\/embed\/ewsTR4zxbkY\" width=\"560\" height=\"315\" frameborder=\"0\" allowfullscreen=\"allowfullscreen\"><span data-mce-type=\"bookmark\" style=\"display: inline-block; width: 0px; overflow: hidden; line-height: 0;\" class=\"mce_SELRES_start\">\ufeff<\/span><\/iframe><br \/>\nSki Alpin Weltcup 2025\/2026 \ud83c\udfc6\u26f7\ufe0f <a href=\"https:\/\/www.fis-ski.com\/\" target=\"_blank\" rel=\"noopener\">FIS<\/a>[\/vc_column_text][\/vc_column][\/vc_row][vc_row][vc_column width=&#8220;1\/1&#8243;][vc_column_text uncode_shortcode_id=&#8220;200974&#8243;]<\/p>\n<h3 id=\"anker2\">FIS Ski Alpin Weltcup 2025\/2026 &#8211; Termine<\/h3>\n<p>Wann und wo wird bei den Damen und Herren gefahren? Wann sind die geplanten Startzeiten, damit du live dabei sein kannst. Dr\u00fcck die Daumen, wenn die besten SkifahrerInnen der Welt um Hundertstelsekunden k\u00e4mpfen. Eines ist jetzt schon sicher &#8230; Spannung, Action und Nervenkitzel sind wieder garantiert.[\/vc_column_text][vc_accordion][vc_accordion_tab gutter_size=&#8220;2&#8243; column_padding=&#8220;2&#8243; title=&#8220;Ski Alpin Weltcup 2025\/2026 | Herren \ud83d\udcc5 Termine &amp; Ergebnisse \ud83c\udfc6&#8220; tab_id=&#8220;1761159713-1-24&#8243;][vc_column_text uncode_shortcode_id=&#8220;735456&#8243;]<\/p>\n<h3>FIS Alpine Skiweltcup | Herren | 2025\/2026<\/h3>\n<h4>Oktober 2025<\/h4>\n<p>26.10.2025 | S\u00f6lden (AUT) | Riesenslalom | Start: 10:00 + 13:00 | <a href=\"https:\/\/www.fis-ski.com\/DB\/general\/results.html?sectorcode=AL&amp;raceid=127332\" target=\"_blank\" rel=\"noopener\">Resultat<\/a> @marcoodermatt<\/p>\n<h4>November 2025<\/h4>\n<p>16.11.2025 | Levi (FIN) | Slalom | Start: 10:00 + 13:00 | <a href=\"https:\/\/www.fis-ski.com\/DB\/general\/results.html?sectorcode=AL&amp;raceid=127334\" target=\"_blank\" rel=\"noopener\">Resultat<\/a> @pinheiiiroo<\/p>\n<p>22.11.2025 | <a href=\"https:\/\/www.snowell.com\/skiverleih\/oesterreich\/tirol\/oetztal\/obergurgl\/\" target=\"_blank\" rel=\"noopener\">Gurgl<\/a> (AUT) | Slalom | Start: 10:30 + 13:30 | <a href=\"https:\/\/www.fis-ski.com\/DB\/general\/results.html?sectorcode=AL&amp;raceid=127335\" target=\"_blank\" rel=\"noopener\">Resultat<\/a> @pacorassat<\/p>\n<p>27.11.2025 | Copper Mountain (USA) | Super-G | Start: 18:00 | <a href=\"https:\/\/www.fis-ski.com\/DB\/general\/results.html?sectorcode=AL&amp;raceid=127440\" target=\"_blank\" rel=\"noopener\">Resultat<\/a> @marcoodermatt<\/p>\n<p>28.11.2025 | Copper Mountain (USA) | Riesenslalom | Start: 18:00 + 21:00 | <a href=\"https:\/\/www.fis-ski.com\/DB\/general\/results.html?sectorcode=AL&amp;raceid=127441\" target=\"_blank\" rel=\"noopener\">Resultat<\/a> @stefan_brennsteiner<\/p>\n<h4>Dezember 2025<\/h4>\n<p>04.12.2025 | Beaver Creek (USA) | Abfahrt | Start: 19:00 | <a href=\"https:\/\/www.fis-ski.com\/DB\/general\/results.html?sectorcode=AL&amp;raceid=127340\" target=\"_blank\" rel=\"noopener\">Resultat<\/a> @marcoodermatt<\/p>\n<p>05.12.2025 | Beaver Creek (USA) | Super-G | Start: 19:00 | <a href=\"https:\/\/www.fis-ski.com\/DB\/general\/results.html?sectorcode=AL&amp;raceid=127341\" target=\"_blank\" rel=\"noopener\">Resultat<\/a> @vincent__kriechmayr<\/p>\n<p>07.12.2025 | Beaver Creek (USA) | Riesenslalom | Start: 18:00 + 21:00 | <a href=\"https:\/\/www.fis-ski.com\/DB\/general\/results.html?sectorcode=AL&amp;raceid=127342\" target=\"_blank\" rel=\"noopener\">Resultat<\/a> @marcoodermatt<\/p>\n<p>13.12.2025 | <a href=\"https:\/\/www.snowell.com\/skiverleih\/frankreich\/rhone-alpes\/savoie-savoyen\/val-d-isere\/\" target=\"_blank\" rel=\"noopener\">Val d&#8217;Is\u00e8re<\/a> (FRA) | Riesenslalom | Start: 09:30 + 13:00 | <a href=\"https:\/\/www.fis-ski.com\/DB\/general\/results.html?sectorcode=AL&amp;raceid=127350\" target=\"_blank\" rel=\"noopener\">Resultat<\/a> @loicmeillard<\/p>\n<p>14.12.2025 | Val d&#8217;Is\u00e8re (FRA) | Slalom | Start: 10:00 + 13:00 | <a href=\"https:\/\/www.fis-ski.com\/DB\/general\/results.html?sectorcode=AL&amp;raceid=127351\" target=\"_blank\" rel=\"noopener\">Resultat<\/a> @timonhaugan<\/p>\n<p>18.12.2025 | <a href=\"https:\/\/www.snowell.com\/skiverleih\/italien\/trentino-suedtirol\/groeden-val-gardena\/st-christina-groedental\/\" target=\"_blank\" rel=\"noopener\">Gr\u00f6den<\/a> (ITA) | Abfahrt | Start: 11:45 | <a href=\"https:\/\/www.fis-ski.com\/DB\/general\/results.html?sectorcode=AL&amp;raceid=127339\" target=\"_blank\" rel=\"noopener\">Resultat<\/a> @marcoodermatt<\/p>\n<p>19.12.2025 | <a href=\"https:\/\/www.snowell.com\/skiverleih\/italien\/trentino-suedtirol\/groeden-val-gardena\/st-christina-groedental\/\" target=\"_blank\" rel=\"noopener\">Gr\u00f6den<\/a> (ITA) | Super-G | Start: 11:45 | <a href=\"https:\/\/www.fis-ski.com\/DB\/general\/results.html?sectorcode=AL&amp;raceid=127357\" target=\"_blank\" rel=\"noopener\">Resultat<\/a> @janzaby<\/p>\n<p>20.12.2025 | Gr\u00f6den (ITA) | Abfahrt | Start: 11:45 | <a href=\"https:\/\/www.fis-ski.com\/DB\/general\/results.html?sectorcode=AL&amp;raceid=127356\" target=\"_blank\" rel=\"noopener\">Resultat<\/a> @franjo_v_allmen<\/p>\n<p>21.12.2025 | <a href=\"https:\/\/www.snowell.com\/skiverleih\/italien\/trentino-suedtirol\/alta-badia\/alta-badia-la-villa-stern\/\" target=\"_blank\" rel=\"noopener\">Alta Badia<\/a> (ITA) | Riesenslalom | Start: 10:00 + 13:30 | <a href=\"https:\/\/www.fis-ski.com\/DB\/general\/results.html?sectorcode=AL&amp;raceid=127362\" target=\"_blank\" rel=\"noopener\">Resultat<\/a> @schwarz_marco<\/p>\n<p>22.12.2024 | <a href=\"https:\/\/www.snowell.com\/skiverleih\/italien\/trentino-suedtirol\/alta-badia\/alta-badia-san-cassiano-sankt-kassian\/\" target=\"_blank\" rel=\"noopener\">Alta Badia<\/a> (ITA) | Slalom | Start: 10:00 + 13:30 | <a href=\"https:\/\/www.fis-ski.com\/DB\/general\/results.html?sectorcode=AL&amp;raceid=127363\" target=\"_blank\" rel=\"noopener\">Resultat<\/a> @atleliemcgrath<\/p>\n<p>27.12.2025 | <a href=\"https:\/\/www.snowell.com\/skiverleih\/italien\/lombardei\/sondrio\/livigno\/\" target=\"_blank\" rel=\"noopener\">Livigno<\/a> (ITA) | Super-G | Start: 11:30 | <a href=\"https:\/\/www.fis-ski.com\/DB\/general\/results.html?sectorcode=AL&amp;raceid=127364\" target=\"_blank\" rel=\"noopener\">Resultat<\/a> @schwarz_marco<\/p>\n<h4>Januar 2026<\/h4>\n<p>07.01.2026 | <a href=\"https:\/\/www.snowell.com\/skiverleih\/italien\/trentino-suedtirol\/dolomiti-di-brenta\/madonna-di-campiglio\/\" target=\"_blank\" rel=\"noopener\">Madonna di Campiglio<\/a> (ITA) | Slalom | Start: 17:45 + 20:45 | <a href=\"https:\/\/www.fis-ski.com\/DB\/general\/results.html?sectorcode=AL&amp;raceid=127369\" target=\"_blank\" rel=\"noopener\">Resultat<\/a> @clement.noel<\/p>\n<p>10.01.2026 | Adelboden (SUI) | Riesenslalom | Start: 10:30 + 13:30 | <a href=\"https:\/\/www.fis-ski.com\/DB\/general\/results.html?sectorcode=AL&amp;raceid=127374\" target=\"_blank\" rel=\"noopener\">Resultat<\/a> @marcoodermatt<\/p>\n<p>11.01.2026 | Adelboden (SUI) | Slalom | Start: 10:30 + 13:30 | <a href=\"https:\/\/www.fis-ski.com\/DB\/general\/results.html?sectorcode=AL&amp;raceid=127375\" target=\"_blank\" rel=\"noopener\">Resultat<\/a> @pacorassat<\/p>\n<p>16.01.2026 | Wengen (SUI) | Super-G | Start: 12:30 | <a href=\"https:\/\/www.fis-ski.com\/DB\/general\/results.html?sectorcode=AL&amp;raceid=127380\" target=\"_blank\" rel=\"noopener\">Resultat<\/a> @giofranzi<\/p>\n<p>17.01.2026 | Wengen (SUI) | Abfahrt | Start: 12:30 | <a href=\"https:\/\/www.fis-ski.com\/DB\/general\/results.html?sectorcode=AL&amp;raceid=127381\" target=\"_blank\" rel=\"noopener\">Resultat<\/a> @marcoodermatt<\/p>\n<p>18.01.2026 | Wengen (SUI) | Slalom | Start: 10:00 + 13:00 | <a href=\"https:\/\/www.fis-ski.com\/DB\/general\/results.html?sectorcode=AL&amp;raceid=127382\" target=\"_blank\" rel=\"noopener\">Resultat<\/a> @atleliemcgrath<\/p>\n<p>23.01.2026 | Kitzb\u00fchel (AUT) | Super-G | Start: 11:30 | <a href=\"https:\/\/www.fis-ski.com\/DB\/general\/results.html?sectorcode=AL&amp;raceid=127391\" target=\"_blank\" rel=\"noopener\">Resultat<\/a> @marcoodermatt<\/p>\n<p>24.01.2026 | Kitzb\u00fchel (AUT) | Abfahrt | Start: 11:30 | <a href=\"https:\/\/www.fis-ski.com\/DB\/general\/results.html?sectorcode=AL&amp;raceid=127392\" target=\"_blank\" rel=\"noopener\">Resultat<\/a> @giofranzi<\/p>\n<p>25.01.2026 | Kitzb\u00fchel (AUT) | Slalom | Start: 10:30 + 13:30 | <a href=\"https:\/\/www.fis-ski.com\/DB\/general\/results.html?sectorcode=AL&amp;raceid=127393\" target=\"_blank\" rel=\"noopener\">Resultat<\/a> @manuel.feller.official<\/p>\n<p>27.01.2026 | Schladming (AUT) | Riesenslalom | Start: 17:45 + 20:45 | <a href=\"https:\/\/www.fis-ski.com\/DB\/general\/results.html?sectorcode=AL&amp;raceid=127396\" target=\"_blank\" rel=\"noopener\">Resultat<\/a> @loicmeillard<\/p>\n<p>28.01.2026 | Schladming (AUT) | Slalom | Start: 17:45 + 20:45 | <a href=\"https:\/\/www.fis-ski.com\/DB\/general\/results.html?sectorcode=AL&amp;raceid=127397\" target=\"_blank\" rel=\"noopener\">Resultat<\/a> @h_kristoffersen<\/p>\n<h4>Februar 2026<\/h4>\n<p>01.02.2026 | <a href=\"https:\/\/www.snowell.com\/skiverleih\/schweiz\/wallis\/region-wallis\/crans-montana\/\" target=\"_blank\" rel=\"noopener\">Crans-Montana<\/a> (SUI) | Abfahrt | Start: 11:00 | <a href=\"https:\/\/www.fis-ski.com\/DB\/general\/results.html?sectorcode=AL&amp;raceid=127404\" target=\"_blank\" rel=\"noopener\">Resultat<\/a> @franjo_v_allmen<\/p>\n<h4>Olympische Spiele 2026 | Mailand &amp; Cortina d&#8217;Ampezzo (ITA)<\/h4>\n<p>07.02.2026 | Bormio (ITA) | Abfahrt | Start: 11:30 | <a href=\"https:\/\/www.fis-ski.com\/DB\/general\/results.html?sectorcode=AL&amp;raceid=127541\" target=\"_blank\" rel=\"noopener\">Resultat<\/a> @franjo_v_allmen \ud83e\udd47<\/p>\n<p>09.02.2026 | Bormio (ITA) | Team Kombi | Start: 10:30 + 14:00 | <a href=\"https:\/\/www.fis-ski.com\/DB\/general\/results.html?sectorcode=AL&amp;raceid=127542\" target=\"_blank\" rel=\"noopener\">Resultat<\/a> @swissskiteam\ud83e\udd47<\/p>\n<p>11.02.2026 | Bormio (ITA) | Super-G | Start: 11:30 | <a href=\"https:\/\/www.fis-ski.com\/DB\/general\/results.html?sectorcode=AL&amp;raceid=127543\" target=\"_blank\" rel=\"noopener\">Resultat<\/a> @franjo_v_allmen \ud83e\udd47<\/p>\n<p>14.02.2026 | Bormio (ITA) | Riesenslalom | Start: 10:00 + 13:30 | <a href=\"https:\/\/www.fis-ski.com\/DB\/general\/results.html?sectorcode=AL&amp;raceid=127544\" target=\"_blank\" rel=\"noopener\">Resultat<\/a> @pinheiiiroo\ud83e\udd47<\/p>\n<p>16.02.2026 | Bormio (ITA) | Slalom | Start: 10:00 + 13:30 | <a href=\"https:\/\/www.fis-ski.com\/DB\/general\/results.html?sectorcode=AL&amp;raceid=127545\" target=\"_blank\" rel=\"noopener\">Resultat<\/a> @loicmeillard \ud83e\udd47<\/p>\n\n<p>28.02.2026 | Garmisch-Partenkirchen (GER) | Abfahrt | Start: 11:45 | <a href=\"https:\/\/www.fis-ski.com\/DB\/general\/results.html?sectorcode=AL&amp;raceid=127407\" target=\"_blank\" rel=\"noopener\">Resultat<\/a> @marcoodermatt<\/p>\n<h4>M\u00e4rz 2026<\/h4>\n<p>01.03.2026 | Garmisch-Partenkirchen (GER) | Super-G | Start: 11:45 | leider abgesagt<\/p>\n<p>07.03.2026 | Kranjska Gora (SLO) | Riesenslalom | Start: 09:30 + 12:30 | <a href=\"https:\/\/www.fis-ski.com\/DB\/general\/results.html?sectorcode=AL&amp;raceid=127419\" target=\"_blank\" rel=\"noopener\">Resultat<\/a> @pinheiiiroo<\/p>\n<p>08.03.2026 | Kranjska Gora (SLO) | Slalom | Start: 09:30 + 12:30 | <a href=\"https:\/\/www.fis-ski.com\/DB\/general\/results.html?sectorcode=AL&amp;raceid=127420\" target=\"_blank\" rel=\"noopener\">Resultat<\/a> @atleliemcgrath<\/p>\n<p>14.03.2026 | <a href=\"https:\/\/www.snowell.com\/skiverleih\/frankreich\/rhone-alpes\/savoie-savoyen\/courchevel-1650\/\" target=\"_blank\" rel=\"noopener\">Courchevel<\/a> (FRA) | Abfahrt | Start: 11:00 | <a href=\"https:\/\/www.fis-ski.com\/DB\/general\/results.html?sectorcode=AL&amp;raceid=127424\" target=\"_blank\" rel=\"noopener\">Resultat<\/a> @vincent__kriechmayr<\/p>\n<p>15.03.2026 | <a href=\"https:\/\/www.snowell.com\/skiverleih\/frankreich\/rhone-alpes\/savoie-savoyen\/courchevel-1850\/\" target=\"_blank\" rel=\"noopener\">Courchevel<\/a> (FRA) | Super-G | Start: 11:00 | leider abgesagt<\/p>\n<h4>FIS Alpine Skiweltcup Finale 2026 | Lillehammer (FIN)<\/h4>\n<p>21.03.2026 | Kvitfjell (NOR) | Abfahrt | Start: 10:45 | <a href=\"https:\/\/www.fis-ski.com\/DB\/general\/results.html?sectorcode=AL&amp;raceid=127433\" target=\"_blank\" rel=\"noopener\">Resultat<\/a> @dominikparis<\/p>\n<p>22.03.2026 | Kvitfjell (NOR) | Super-G | Start: 12:15 | <a href=\"https:\/\/www.fis-ski.com\/DB\/general\/results.html?sectorcode=AL&amp;raceid=127435\" target=\"_blank\" rel=\"noopener\">Resultat<\/a> @dominikparis<\/p>\n<p>24.03.2026 | Hafjell (NOR) | Riesenslalom | Start: 09:30 + 12:30 | <a href=\"https:\/\/www.fis-ski.com\/DB\/general\/results.html?sectorcode=AL&amp;raceid=127436\" target=\"_blank\" rel=\"noopener\">Resultat<\/a> @pinheiiiroo<\/p>\n<p>25.03.2026 | Hafjell (NOR) | Slalom | Start: 10:30 + 13:30 | <a href=\"https:\/\/www.fis-ski.com\/DB\/general\/results.html?sectorcode=AL&amp;raceid=127439\" target=\"_blank\" rel=\"noopener\">Resultat<\/a> @timonhaugan<\/p>\n<p>Hinweis: Allf\u00e4llige \u00c4nderungen vorbehalten. Die Startzeiten sind gem\u00e4ss Mitteleurop\u00e4ischer Zeitzone (MEZ).[\/vc_column_text][\/vc_accordion_tab][vc_accordion_tab gutter_size=&#8220;2&#8243; column_padding=&#8220;2&#8243; title=&#8220;Ski Alpin Weltcup 2025\/2026 | Damen \ud83d\udcc5 Termine &amp; Ergebnisse \ud83c\udfc6&#8220; tab_id=&#8220;1761159713-2-10&#8243;][vc_column_text uncode_shortcode_id=&#8220;452151&#8243;]<\/p>\n<h3>FIS Alpine Skiweltcup | Damen | 2025\/2026<\/h3>\n<h4>Oktober 2025<\/h4>\n<p>25.10.2025 | S\u00f6lden (AUT) | Riesenslalom | Start: 10:00 + 13:00 | <a href=\"https:\/\/www.fis-ski.com\/DB\/general\/results.html?sectorcode=AL&amp;raceid=127331\" target=\"_blank\" rel=\"noopener\">Resultat<\/a> @julia.scheib<\/p>\n<h4>November 2025<\/h4>\n<p>15.11.2025 | Levi (FIN) | Slalom | Start: 10:00 + 13:00 | <a href=\"https:\/\/www.fis-ski.com\/DB\/general\/results.html?sectorcode=AL&amp;raceid=127333\" target=\"_blank\" rel=\"noopener\">Resultat<\/a> @mikaelashiffrin<\/p>\n<p>23.11.2025 | Gurgl (AUT) | Slalom | Start: 10:30 + 13:30 | <a href=\"https:\/\/www.fis-ski.com\/DB\/general\/results.html?sectorcode=AL&amp;raceid=127336\" target=\"_blank\" rel=\"noopener\">Resultat<\/a> @mikaelashiffrin<\/p>\n<p>29.11.2025 | Copper Mountain (USA) | Riesenslalom | Start: 18:00 + 21:00 | <a href=\"https:\/\/www.fis-ski.com\/DB\/general\/results.html?sectorcode=AL&amp;raceid=127442\" target=\"_blank\" rel=\"noopener\">Resultat<\/a> @alicerobins0n<\/p>\n<p>23.11.2025 | Copper Mountain (USA) | Slalom | Start: 18:00 + 21:00 | <a href=\"https:\/\/www.fis-ski.com\/DB\/general\/results.html?sectorcode=AL&amp;raceid=127443\" target=\"_blank\" rel=\"noopener\">Resultat<\/a> @mikaelashiffrin<\/p>\n<h4>Dezember 2025<\/h4>\n<p>06.12.2025 | Tremblant (CAN) | Riesenslalom | Start: 17:00 + 20:00 | <a href=\"https:\/\/www.fis-ski.com\/DB\/general\/results.html?sectorcode=AL&amp;raceid=127343\" target=\"_blank\" rel=\"noopener\">Resultat<\/a> @alicerobins0n<\/p>\n<p>07.12.2025 | Tremblant (CAN) | Riesenslalom | Start: 16:00 + 19:00 | <a href=\"https:\/\/www.fis-ski.com\/DB\/general\/results.html?sectorcode=AL&amp;raceid=127344\" target=\"_blank\" rel=\"noopener\">Resultat<\/a> @julia.scheib<\/p>\n<p>12.12.2025 | <a href=\"https:\/\/www.snowell.com\/skiverleih\/schweiz\/graubuenden\/region-graubuenden\/st-moritz\/\" target=\"_blank\" rel=\"noopener\">St. Moritz<\/a> (SUI) | Abfahrt | Start: 10:15 | <a href=\"https:\/\/www.fis-ski.com\/DB\/general\/results.html?sectorcode=AL&amp;raceid=127347\" target=\"_blank\" rel=\"noopener\">Resultat<\/a> @lindseyvonn<\/p>\n<p>13.12.2025 | St. Moritz (SUI) | Abfahrt | Start: 10:45 | <a href=\"https:\/\/www.fis-ski.com\/DB\/general\/results.html?sectorcode=AL&amp;raceid=127348\" target=\"_blank\" rel=\"noopener\">Resultat<\/a> @emmaaicher<\/p>\n<p>14.12.2025 | St. Moritz (SUI) | Super-G | Start: 10:45 | <a href=\"https:\/\/www.fis-ski.com\/DB\/general\/results.html?sectorcode=AL&amp;raceid=127349\" target=\"_blank\" rel=\"noopener\">Resultat<\/a> @alicerobins0n<\/p>\n<p>16.12.2025 | Courchevel (FRA) | Slalom | Start: 17:45 + 20:45 | <a href=\"https:\/\/www.fis-ski.com\/DB\/general\/results.html?sectorcode=AL&amp;raceid=127352\" target=\"_blank\" rel=\"noopener\">Resultat<\/a> @mikaelashiffrin<\/p>\n<p>20.12.2025 | <a href=\"https:\/\/www.snowell.com\/skiverleih\/frankreich\/rhone-alpes\/savoie-savoyen\/val-d-isere\/\" target=\"_blank\" rel=\"noopener\">Val d\u2019Is\u00e8re<\/a> (FRA) | Abfahrt | Start: 10:30 | <a href=\"https:\/\/www.fis-ski.com\/DB\/general\/results.html?sectorcode=AL&amp;raceid=127360\" target=\"_blank\" rel=\"noopener\">Resultat<\/a> @connyhuetter<\/p>\n<p>21.12.2025 | Val d\u2019Is\u00e8re (FRA) | Super-G | Start: 11:00 | <a href=\"https:\/\/www.fis-ski.com\/DB\/general\/results.html?sectorcode=AL&amp;raceid=127361\" target=\"_blank\" rel=\"noopener\">Resultat<\/a> @sofia.goggia<\/p>\n<p>27.12.2025 | Semmering (AUT) | Riesenslalom | Start: 10:00 + 13:00 | <a href=\"https:\/\/www.fis-ski.com\/DB\/general\/results.html?sectorcode=AL&amp;raceid=127365\" target=\"_blank\" rel=\"noopener\">Resultat<\/a> @julia.scheib<\/p>\n<p>28.12.2025 | Semmering (AUT) | Slalom | Start: 14:15 + 17:45 | <a href=\"https:\/\/www.fis-ski.com\/DB\/general\/results.html?sectorcode=AL&amp;raceid=127366\" target=\"_blank\" rel=\"noopener\">Resultat<\/a> @mikaelashiffrin<\/p>\n<h4>Januar 2026<\/h4>\n<p>03.01.2026 | Kranjska Gora (SLO) | Riesenslalom | Start: 10:00 + 13:00 | <a href=\"https:\/\/www.fis-ski.com\/DB\/general\/results.html?sectorcode=AL&amp;raceid=127367\" target=\"_blank\" rel=\"noopener\">Resultat<\/a> @camille_rast<\/p>\n<p>04.01.2026 | Kranjska Gora (SLO) | Slalom | Start: 09:30 + 12:15 | <a href=\"https:\/\/www.fis-ski.com\/DB\/general\/results.html?sectorcode=AL&amp;raceid=127368\" target=\"_blank\" rel=\"noopener\">Resultat<\/a> @camille_rast<\/p>\n<p>10.01.2026 | <a href=\"https:\/\/www.snowell.com\/skiverleih\/oesterreich\/salzburg\/salzburger-sportwelt\/zauchensee\/\" target=\"_blank\" rel=\"noopener\">Zauchensee<\/a> (AUT) | Abfahrt | Start: 11:30 | <a href=\"https:\/\/www.fis-ski.com\/DB\/general\/results.html?sectorcode=AL&amp;raceid=127372\" target=\"_blank\" rel=\"noopener\">Resultat<\/a> @lindseyvonn<\/p>\n<p>11.01.2026 | Zauchensee (AUT) | Super-G | Start: 12:00 | abgesagt<\/p>\n<p>13.01.2026 | <a href=\"https:\/\/www.snowell.com\/skiverleih\/oesterreich\/salzburg\/salzburger-sportwelt\/flachau\/\" target=\"_blank\" rel=\"noopener\">Flachau<\/a> (AUT) | Slalom | Start: 17:45 + 20:45 | <a href=\"https:\/\/www.fis-ski.com\/DB\/general\/results.html?sectorcode=AL&amp;raceid=127376\" target=\"_blank\" rel=\"noopener\">Resultat<\/a> @mikaelashiffrin<\/p>\n<p>17.01.2026 | Tarvisio (ITA) | Abfahrt | Start: 10:45 | <a href=\"https:\/\/www.fis-ski.com\/DB\/general\/results.html?sectorcode=AL&amp;raceid=127385\" target=\"_blank\" rel=\"noopener\">Resultat<\/a> @nicol_delago<\/p>\n<p>18.01.2026 | Tarvisio (ITA) | Super-G | Start: 11:00 | <a href=\"https:\/\/www.fis-ski.com\/DB\/general\/results.html?sectorcode=AL&amp;raceid=127386\" target=\"_blank\" rel=\"noopener\">Resultat<\/a> @emmaaicher<\/p>\n<p>20.01.2026 | <a href=\"https:\/\/www.snowell.com\/skiverleih\/italien\/trentino-suedtirol\/kronplatz-plan-de-corones\/bruneck-reischach\/\" target=\"_blank\" rel=\"noopener\">Kronplatz<\/a> (ITA) | Riesenslalom | Start: 10:30 + 13:30 | <a href=\"https:\/\/www.fis-ski.com\/DB\/general\/results.html?sectorcode=AL&amp;raceid=127387\" target=\"_blank\" rel=\"noopener\">Resultat<\/a> @julia.scheib<\/p>\n<p>24.01.2026 | <a href=\"https:\/\/www.snowell.com\/skiverleih\/tschechien\/koeniggraetz-kralovehradecky-kraj\/riesengebirge-krkonose\/spindleruv-mlyn\/\" target=\"_blank\" rel=\"noopener\">\u0160pindler\u016fv Ml\u00fdn \/ Spindlerm\u00fchle<\/a> (CZE) | Riesenslalom | Start: 10:00 + 13:30 | <a href=\"https:\/\/www.fis-ski.com\/DB\/general\/results.html?sectorcode=AL&amp;raceid=127394\" target=\"_blank\" rel=\"noopener\">Resultat<\/a> @sarahector<\/p>\n<p>25.01.2026 | \u0160pindler\u016fv Ml\u00fdn \/ Spindlerm\u00fchle (CZE) | Slalom | Start: 09:30 + 12:15 | <a href=\"https:\/\/www.fis-ski.com\/DB\/general\/results.html?sectorcode=AL&amp;raceid=127395\" target=\"_blank\" rel=\"noopener\">Resultat<\/a> @mikaelashiffrin<\/p>\n<p>30.01.2026 | <a href=\"https:\/\/www.snowell.com\/skiverleih\/schweiz\/wallis\/region-wallis\/crans-montana\/\" target=\"_blank\" rel=\"noopener\">Crans Montana<\/a> (SUI) | Abfahrt | Start: 10:00 | abgesagt<\/p>\n<p>31.01.2026 | Crans Montana (SUI) | Super-G | Start: 11:00 | <a href=\"https:\/\/www.fis-ski.com\/DB\/general\/results.html?sectorcode=AL&amp;raceid=127402\" target=\"_blank\" rel=\"noopener\">Resultat<\/a> @blancmalo<\/p>\n<h4>Februar 2026<\/h4>\n<h4>Olympische Spiele 2026 | Mailand &amp; Cortina d&#8217;Ampezzo (ITA)<\/h4>\n<p>08.02.2026 | Cortina d\u2019Ampezzo (ITA) | Abfahrt | Start: 11:30 | <a href=\"https:\/\/www.fis-ski.com\/DB\/general\/results.html?sectorcode=AL&amp;raceid=127535\" target=\"_blank\" rel=\"noopener\">Resultat<\/a> @breezyjohnsonski \ud83e\udd47<\/p>\n<p>10.02.2026 | Cortina d\u2019Ampezzo (ITA) | Team-Kombi | Start: 10:30 + 14:00 | <a href=\"https:\/\/www.fis-ski.com\/DB\/general\/results.html?sectorcode=AL&amp;raceid=127537\" target=\"_blank\" rel=\"noopener\">Resultat<\/a> @ski_austria_alpin_damen \ud83e\udd47<\/p>\n<p>12.02.2026 | Cortina d\u2019Ampezzo (ITA) | Super-G | Start: 11:30 | <a href=\"https:\/\/www.fis-ski.com\/DB\/general\/results.html?sectorcode=AL&amp;raceid=127538\" target=\"_blank\" rel=\"noopener\">Resultat<\/a> @federicabrignone \ud83e\udd47<\/p>\n<p>15.02.2026 | Cortina d\u2019Ampezzo (ITA) | Riesenslalom | Start: 10:00 + 13:30 | <a href=\"https:\/\/www.fis-ski.com\/DB\/general\/results.html?sectorcode=AL&amp;raceid=127539\" target=\"_blank\" rel=\"noopener\">Resultat<\/a> @federicabrignone \ud83e\udd47<\/p>\n<p>18.02.2026 | Cortina d\u2019Ampezzo (ITA) | Slalom | Start: 10:00 + 13:30 | <a href=\"https:\/\/www.fis-ski.com\/DB\/general\/results.html?sectorcode=AL&amp;raceid=127540\" target=\"_blank\" rel=\"noopener\">Resultat<\/a> @mikaelashiffrin \ud83e\udd47<\/p>\n\n<p>27.02.2026 | Soldeu (AND) | Abfahrt | Start: 10:15 | <a href=\"https:\/\/www.fis-ski.com\/DB\/general\/results.html?sectorcode=AL&amp;raceid=127412\" target=\"_blank\" rel=\"noopener\">Resultat<\/a> @corinnesuter_official<\/p>\n<p>28.02.2026 | Soldeu (AND) | Super-G | Start: 10:15 | <a href=\"https:\/\/www.fis-ski.com\/DB\/general\/results.html?sectorcode=AL&amp;raceid=127373\" target=\"_blank\" rel=\"noopener\">Resultat<\/a> @emmaaicher<\/p>\n<h4>M\u00e4rz 2026<\/h4>\n<p>01.03.2026 | Soldeu (AND) | Super-G | Start: 10:15 | <a href=\"https:\/\/www.fis-ski.com\/DB\/general\/results.html?sectorcode=AL&amp;raceid=127413\" target=\"_blank\" rel=\"noopener\">Resultat<\/a> @sofia.goggia<\/p>\n<p>06.03.2026 | <a href=\"https:\/\/www.snowell.com\/skiverleih\/italien\/trentino-suedtirol\/fassatal-val-di-fassa\/canazei\/\" target=\"_blank\" rel=\"noopener\">Val di Fassa &#8211; Canazei<\/a> (ITA) | Abfahrt | Start: 11:30 | <a href=\"https:\/\/www.fis-ski.com\/DB\/general\/results.html?sectorcode=AL&amp;raceid=127400\" target=\"_blank\" rel=\"noopener\">Resultat<\/a> @lollipirovano<\/p>\n<p>07.03.2026 | Val di Fassa &#8211; Canazei (ITA) | Abfahrt | Start: 10:45 | <a href=\"https:\/\/www.fis-ski.com\/DB\/general\/results.html?sectorcode=AL&amp;raceid=127417\" target=\"_blank\" rel=\"noopener\">Resultat<\/a> @lollipirovano<\/p>\n<p>08.03.2026 | Val di Fassa &#8211; Canazei (ITA) | Super-G | Start: 10:45 | <a href=\"https:\/\/www.fis-ski.com\/DB\/general\/results.html?sectorcode=AL&amp;raceid=127418\" target=\"_blank\" rel=\"noopener\">Resultat<\/a> @elenacurtoni<\/p>\n<p>14.03.2026 | \u00c5re (SWE) | Riesenslalom | Start: 10:00 + 13:00 | <a href=\"https:\/\/www.fis-ski.com\/DB\/general\/results.html?sectorcode=AL&amp;raceid=127426\" target=\"_blank\" rel=\"noopener\">Resultat<\/a> @julia.scheib<\/p>\n<p>15.03.2026 | \u00c5re (SWE) | Slalom | Start: 09:30 + 12:30 | <a href=\"https:\/\/www.fis-ski.com\/DB\/general\/results.html?sectorcode=AL&amp;raceid=127427\" target=\"_blank\" rel=\"noopener\">Resultat<\/a> @mikaelashiffrin<\/p>\n<h4>FIS Alpine Skiweltcup Finale 2026 | Lillehammer (FIN)<\/h4>\n<p>21.03.2026 | Kvitfjell (NOR) | Abfahrt | Start: 12:30 | <a href=\"https:\/\/www.fis-ski.com\/DB\/general\/results.html?sectorcode=AL&amp;raceid=127432\" target=\"_blank\" rel=\"noopener\">Resultat<\/a> @lollipirovano<\/p>\n<p>22.03.2026 | Kvitfjell (NOR) | Super-G | Start: 10:45 | <a href=\"https:\/\/www.fis-ski.com\/DB\/general\/results.html?sectorcode=AL&amp;raceid=127434\" target=\"_blank\" rel=\"noopener\">Resultat<\/a> @sofia.goggia<\/p>\n<p>24.03.2026 | Hafjell (NOR) | Slalom | Start: 10:30 + 13:30 | <a href=\"https:\/\/www.fis-ski.com\/DB\/general\/results.html?sectorcode=AL&amp;raceid=127437\" target=\"_blank\" rel=\"noopener\">Resultat<\/a> @mikaelashiffrin<\/p>\n<p>25.03.2026 | Hafjell (NOR) | Riesenslalom | Start: 09:30 + 12:30 | <a href=\"https:\/\/www.fis-ski.com\/DB\/general\/results.html?sectorcode=AL&amp;raceid=127438\" target=\"_blank\" rel=\"noopener\">Resultat<\/a> @valeriegrenier<\/p>\n<p>Hinweis: Allf\u00e4llige \u00c4nderungen vorbehalten. Die Startzeiten sind gem\u00e4ss Mitteleurop\u00e4ischer Zeitzone (MEZ).[\/vc_column_text][\/vc_accordion_tab][\/vc_accordion][\/vc_column][\/vc_row][vc_row][vc_column width=&#8220;1\/1&#8243;][vc_column_text uncode_shortcode_id=&#8220;119588&#8243;]<\/p>\n<h3 id=\"anker3\">Wertung Gesamtweltcup, Disziplinen und Hersteller<\/h3>\n<p>Wer wird heuer das Rennen um die begehrten Kristallkugeln machen? Bleibe immer auf dem aktuellen Stand \u00fcber das Ranking im Gesamtweltcup und in den einzelnen Disziplinen. Hier findest du die Links zu den aktuellen FIS-Rankings und der Markenwertung.[\/vc_column_text][vc_accordion][vc_accordion_tab gutter_size=&#8220;2&#8243; column_padding=&#8220;2&#8243; title=&#8220;FIS Ski Alpin Weltcup 2025\/2026 | Herren \ud83c\udfc6 Wertungen&#8220; tab_id=&#8220;1761159713-1-24&#8243;][vc_column_text uncode_shortcode_id=&#8220;583536&#8243;]<a href=\"https:\/\/www.fis-ski.com\/DB\/alpine-skiing\/cup-standings.html?sectorcode=AL&amp;seasoncode=2026&amp;cupcode=WC&amp;disciplinecode=ALL&amp;gendercode=M\" target=\"_blank\" rel=\"noopener\">Gesamtweltcup 2025\/2026 | Herren<\/a> @marcoodermatt \ud83c\udfc6<\/p>\n<p><a href=\"https:\/\/www.fis-ski.com\/DB\/alpine-skiing\/cup-standings.html?sectorcode=AL&amp;seasoncode=2026&amp;cupcode=WC&amp;disciplinecode=DH&amp;gendercode=M&amp;nationcode=\" target=\"_blank\" rel=\"noopener\">Abfahrt 2025\/2026 | Herren<\/a> @marcoodermatt \ud83c\udfc6<\/p>\n<p><a href=\"https:\/\/www.fis-ski.com\/DB\/alpine-skiing\/cup-standings.html?sectorcode=AL&amp;seasoncode=2026&amp;cupcode=WC&amp;disciplinecode=SL&amp;gendercode=M&amp;nationcode=\" target=\"_blank\" rel=\"noopener\">Slalom 2025\/2026 | Herren<\/a> @atleliemcgrath \ud83c\udfc6<\/p>\n<p><a href=\"https:\/\/www.fis-ski.com\/DB\/alpine-skiing\/cup-standings.html?sectorcode=AL&amp;seasoncode=2026&amp;cupcode=WC&amp;disciplinecode=GS&amp;gendercode=M&amp;nationcode=\" target=\"_blank\" rel=\"noopener\">Riesenslalom 2025\/2026 | Herren<\/a> @pinheiiiroo \ud83c\udfc6<\/p>\n<p><a href=\"https:\/\/www.fis-ski.com\/DB\/alpine-skiing\/cup-standings.html?sectorcode=AL&amp;seasoncode=2026&amp;cupcode=WC&amp;disciplinecode=SG&amp;gendercode=M&amp;nationcode=\" target=\"_blank\" rel=\"noopener\">Super-G 2025\/2026 | Herren<\/a> @marcoodermatt \ud83c\udfc6[\/vc_column_text][\/vc_accordion_tab][vc_accordion_tab gutter_size=&#8220;2&#8243; column_padding=&#8220;2&#8243; title=&#8220;FIS Ski Alpin Weltcup 2025\/2026 | Damen \ud83c\udfc6 Wertungen&#8220; tab_id=&#8220;1761317702767-2-4&#8243;][vc_column_text uncode_shortcode_id=&#8220;206493&#8243;]<a href=\"https:\/\/www.fis-ski.com\/DB\/alpine-skiing\/cup-standings.html?sectorcode=AL&amp;seasoncode=2026&amp;cupcode=WC&amp;disciplinecode=ALL&amp;gendercode=W&amp;nationcode=\" target=\"_blank\" rel=\"noopener\">Gesamtweltcup 2025\/2026 | Damen<\/a> @mikaelashiffrin \ud83c\udfc6<\/p>\n<p><a href=\"https:\/\/www.fis-ski.com\/DB\/alpine-skiing\/cup-standings.html?sectorcode=AL&amp;seasoncode=2026&amp;cupcode=WC&amp;disciplinecode=DH&amp;gendercode=W&amp;nationcode=\" target=\"_blank\" rel=\"noopener\">Abfahrt 2025\/2026 | Damen<\/a> @lollipirovano \ud83c\udfc6<\/p>\n<p><a href=\"https:\/\/www.fis-ski.com\/DB\/alpine-skiing\/cup-standings.html?sectorcode=AL&amp;seasoncode=2026&amp;cupcode=WC&amp;disciplinecode=SL&amp;gendercode=W&amp;nationcode=&quot;\" target=\"_blank\" rel=\"noopener\">Slalom 2025\/2026 | Damen<\/a> @mikaelashiffrin \ud83c\udfc6<\/p>\n<p><a href=\"https:\/\/www.fis-ski.com\/DB\/alpine-skiing\/cup-standings.html?sectorcode=AL&amp;seasoncode=2026&amp;cupcode=WC&amp;disciplinecode=GS&amp;gendercode=W&amp;nationcode=&quot;\" target=\"_blank\" rel=\"noopener\">Riesenslalom 2025\/2026 | Damen<\/a> @julia.scheib\ud83c\udfc6<\/p>\n<p><a href=\"https:\/\/www.fis-ski.com\/DB\/alpine-skiing\/cup-standings.html?sectorcode=AL&amp;seasoncode=2026&amp;cupcode=WC&amp;disciplinecode=SG&amp;gendercode=W&amp;nationcode=\" target=\"_blank\" rel=\"noopener\">Super-G 2025\/2026 | Damen<\/a> @iamsofiagoggia \ud83c\udfc6[\/vc_column_text][\/vc_accordion_tab][vc_accordion_tab gutter_size=&#8220;2&#8243; column_padding=&#8220;2&#8243; title=&#8220;Marken Weltcup 2025\/2026&#8243; tab_id=&#8220;1761160260136-2-0&#8243;][vc_column_text uncode_shortcode_id=&#8220;106395&#8243;]<a href=\"https:\/\/www.fis-ski.com\/DB\/alpine-skiing\/brand-ranking.html?sectorcode=AL&amp;seasoncode=2026&amp;disciplinecode=ALL&amp;gendercode=A\" target=\"_blank\" rel=\"noopener\">Gesamt Marken Weltcup 2025\/2026<\/a> @head_ski \ud83c\udfc6<\/p>\n<p><a href=\"https:\/\/www.fis-ski.com\/DB\/alpine-skiing\/brand-ranking.html?sectorcode=AL&amp;seasoncode=2026&amp;disciplinecode=ALL&amp;gendercode=M\" target=\"_blank\" rel=\"noopener\">Herren Marken Weltcup 2025\/2026<\/a> @head_ski \ud83c\udfc6<\/p>\n<p><a href=\"https:\/\/www.fis-ski.com\/DB\/alpine-skiing\/brand-ranking.html?sectorcode=AL&amp;seasoncode=2026&amp;disciplinecode=ALL&amp;gendercode=W\" target=\"_blank\" rel=\"noopener\">Damen Marken Weltcup 2025\/2026<\/a> @head_ski \ud83c\udfc6[\/vc_column_text][\/vc_accordion_tab][\/vc_accordion][\/vc_column][\/vc_row][vc_row][vc_column width=&#8220;1\/1&#8243;][vc_column_text uncode_shortcode_id=&#8220;272388&#8243;]<\/p>\n<h3 id=\"anker4\">Athleten und Nationalkader<\/h3>\n<p>Wer sind deine Favoriten bei den Athleten? Geh\u00f6rst du zum Fanclub Brignone, Ljutic, Gut-Behrami, Goggia, Shiffrin, Rast, Vlhova, H\u00fctter, D\u00fcrr, Vonn, Odermatt, Kristoffersen, Braathen, Meillard, von Allmen, Schwarz, Kriechmayr, Strasser, Feller, Aleksander Aamodt Kilde oder Marcel Hirscher? Welche L\u00e4ufer:innen bei den einzelnen Nationen im Kader f\u00fcr 2025\/2026 steht findest du hier.[\/vc_column_text][vc_accordion][vc_accordion_tab gutter_size=&#8220;2&#8243; column_padding=&#8220;2&#8243; title=&#8220;AUT &#8211; \u00d6sterreich | Team \u00d6SV&#8220; tab_id=&#8220;1761160375-1-21&#8243;][vc_column_text uncode_shortcode_id=&#8220;565002&#8243;]<a href=\"https:\/\/www.skiaustria.at\/de\/teams?amp%3Bdivision[]=Ski+Alpin&amp;squad[]=Nationalteam&amp;division[]=Ski+Alpin\" target=\"_blank\" rel=\"noopener\">\u00d6SV Team 2025\/2026<\/a>[\/vc_column_text][\/vc_accordion_tab][vc_accordion_tab gutter_size=&#8220;2&#8243; column_padding=&#8220;2&#8243; title=&#8220;CAN &#8211; Kanada | Team Alpine Canada&#8220; tab_id=&#8220;1761160375-2-2&#8243;][vc_column_text uncode_shortcode_id=&#8220;123731&#8243;]<a href=\"https:\/\/alpinecanada.org\/team\" target=\"_blank\" rel=\"noopener\">Alpine Canada Team 2025\/2026<\/a>[\/vc_column_text][\/vc_accordion_tab][vc_accordion_tab gutter_size=&#8220;2&#8243; column_padding=&#8220;2&#8243; title=&#8220;CRO &#8211; Kroatien | Team CroSki&#8220; tab_id=&#8220;1761160783250-2-4&#8243;][vc_column_text uncode_shortcode_id=&#8220;161653&#8243;]<a href=\"https:\/\/croski.hr\/national-teams\/\" target=\"_blank\" rel=\"noopener\">CroSki Team 2025\/2026<\/a>[\/vc_column_text][\/vc_accordion_tab][vc_accordion_tab gutter_size=&#8220;2&#8243; column_padding=&#8220;2&#8243; title=&#8220;CZE &#8211; Tschechien | Team Czech Ski&#8220; tab_id=&#8220;1761160947665-3-6&#8243;][vc_column_text uncode_shortcode_id=&#8220;136652&#8243;]<a href=\"https:\/\/www.czech-ski.com\/alpske-discipliny\" target=\"_blank\" rel=\"noopener\">Czech Ski Team 2025\/2026<\/a>[\/vc_column_text][\/vc_accordion_tab][vc_accordion_tab gutter_size=&#8220;2&#8243; column_padding=&#8220;2&#8243; title=&#8220;FRA &#8211; Frankreich | Team FFS&#8220; tab_id=&#8220;1761161028297-4-4&#8243;][vc_column_text uncode_shortcode_id=&#8220;177586&#8243;]<a href=\"https:\/\/ffs.fr\/equipes-de-france\/\" target=\"_blank\" rel=\"noopener\">FFS Team 2025\/2026<\/a>[\/vc_column_text][\/vc_accordion_tab][vc_accordion_tab gutter_size=&#8220;2&#8243; column_padding=&#8220;2&#8243; title=&#8220;GBR &#8211; Gro\u00dfbritannien | Team GB&#8220; tab_id=&#8220;1761161090948-5-9&#8243;][vc_column_text uncode_shortcode_id=&#8220;143848&#8243;]<a href=\"https:\/\/www.teamgb.com\/sport\/alpine-skiing\/7pOT6ILQNJxS09c3K5OQgr\" target=\"_blank\" rel=\"noopener\">Team GB 2025\/2026<\/a>[\/vc_column_text][\/vc_accordion_tab][vc_accordion_tab gutter_size=&#8220;2&#8243; column_padding=&#8220;2&#8243; title=&#8220;GER &#8211; Deutschland | Team DSV&#8220; tab_id=&#8220;1761161286554-6-0&#8243;][vc_column_text uncode_shortcode_id=&#8220;379549&#8243;]<a href=\"https:\/\/www.deutscherskiverband.de\/ski-alpin\" target=\"_blank\" rel=\"noopener\">DSV Team 2025\/2026<\/a>[\/vc_column_text][\/vc_accordion_tab][vc_accordion_tab gutter_size=&#8220;2&#8243; column_padding=&#8220;2&#8243; title=&#8220;ITA &#8211; Italien | Team FISI&#8220; tab_id=&#8220;1761161379272-7-5&#8243;][vc_column_text uncode_shortcode_id=&#8220;188722&#8243;]<a href=\"https:\/\/fisi.org\/sci-alpino\/atleti\/\" target=\"_blank\" rel=\"noopener\">FISI Team 2025\/2026<\/a>[\/vc_column_text][\/vc_accordion_tab][vc_accordion_tab gutter_size=&#8220;2&#8243; column_padding=&#8220;2&#8243; title=&#8220;NOR &#8211; Norwegen | Team Norges Skiforbund&#8220; tab_id=&#8220;1761161473496-8-6&#8243;][vc_column_text uncode_shortcode_id=&#8220;370236&#8243;]<a href=\"https:\/\/www.skiforbundet.no\/alpint\/\" target=\"_blank\" rel=\"noopener\">Team Norges Skiforbund 2025\/2026<\/a>[\/vc_column_text][\/vc_accordion_tab][vc_accordion_tab gutter_size=&#8220;2&#8243; column_padding=&#8220;2&#8243; title=&#8220;SUI &#8211; Schweiz | Team SwissSki&#8220; tab_id=&#8220;1761161540055-9-8&#8243;][vc_column_text uncode_shortcode_id=&#8220;141781&#8243;]<a href=\"https:\/\/www.swiss-ski.ch\/ski-alpin\/athletinnen\/\" target=\"_blank\" rel=\"noopener\">SwissSki Team 2025\/2026<\/a>[\/vc_column_text][\/vc_accordion_tab][vc_accordion_tab gutter_size=&#8220;2&#8243; column_padding=&#8220;2&#8243; title=&#8220;SVK &#8211; Slowakei | Team Slovensk\u00e1 ly\u017eiarska asoci\u00e1cia&#8220; tab_id=&#8220;1761161605831-10-8&#8243;][vc_column_text uncode_shortcode_id=&#8220;164155&#8243;]<a href=\"http:\/\/sloski.si\/alpsko-smucanje-ekipe-a-ekipe\/\" target=\"_blank\" rel=\"noopener\">Team Slovensk\u00e1 ly\u017eiarska asoci\u00e1cia 2025\/2026<\/a>[\/vc_column_text][\/vc_accordion_tab][vc_accordion_tab gutter_size=&#8220;2&#8243; column_padding=&#8220;2&#8243; title=&#8220;SWE &#8211; Schweden | Team Svenska Skidf\u00f6rbundet&#8220; tab_id=&#8220;1761161661903-11-2&#8243;][vc_column_text uncode_shortcode_id=&#8220;610522&#8243;]<a href=\"https:\/\/www.skidor.com\/idrotter\/alpint\" target=\"_blank\" rel=\"noopener\">Svenska Skidf\u00f6rbundet Team 2025\/2026<\/a>[\/vc_column_text][\/vc_accordion_tab][vc_accordion_tab gutter_size=&#8220;2&#8243; column_padding=&#8220;2&#8243; title=&#8220;USA &#8211; Vereinigte Staaten | Team U.S. Ski&#8220; tab_id=&#8220;1761161727047-12-1&#8243;][vc_column_text uncode_shortcode_id=&#8220;482936&#8243;]<a href=\"https:\/\/usskiandsnowboard.org\/alpine\" target=\"_blank\" rel=\"noopener\">U.S. Ski Team 2025\/2026<\/a>[\/vc_column_text][\/vc_accordion_tab][\/vc_accordion][\/vc_column][\/vc_row]<\/p>\n<\/div>","protected":false},"excerpt":{"rendered":"<p>[vc_row][vc_column width=&#8220;1\/1&#8243;][vc_column_text uncode_shortcode_id=&#8220;200108&#8243;] FIS Ski Alpin Weltcup 2025\/2026 &#8211; Termine &amp; Orte Der Ski-Weltcup startet mit dem Riesentorlauf der Damen [&hellip;]<\/p>\n","protected":false},"author":3,"featured_media":6359,"comment_status":"closed","ping_status":"open","sticky":false,"template":"","format":"standard","meta":{"footnotes":""},"categories":[517],"tags":[497,67],"class_list":["post-6336","post","type-post","status-publish","format-standard","has-post-thumbnail","hentry","category-wintersport","tag-alpiner-skiweltcup","tag-snowell-tipp"],"_links":{"self":[{"href":"https:\/\/www.snowell.com\/ski-tips\/wp-json\/wp\/v2\/posts\/6336","targetHints":{"allow":["GET"]}}],"collection":[{"href":"https:\/\/www.snowell.com\/ski-tips\/wp-json\/wp\/v2\/posts"}],"about":[{"href":"https:\/\/www.snowell.com\/ski-tips\/wp-json\/wp\/v2\/types\/post"}],"author":[{"embeddable":true,"href":"https:\/\/www.snowell.com\/ski-tips\/wp-json\/wp\/v2\/users\/3"}],"replies":[{"embeddable":true,"href":"https:\/\/www.snowell.com\/ski-tips\/wp-json\/wp\/v2\/comments?post=6336"}],"version-history":[{"count":57,"href":"https:\/\/www.snowell.com\/ski-tips\/wp-json\/wp\/v2\/posts\/6336\/revisions"}],"predecessor-version":[{"id":6895,"href":"https:\/\/www.snowell.com\/ski-tips\/wp-json\/wp\/v2\/posts\/6336\/revisions\/6895"}],"wp:featuredmedia":[{"embeddable":true,"href":"https:\/\/www.snowell.com\/ski-tips\/wp-json\/wp\/v2\/media\/6359"}],"wp:attachment":[{"href":"https:\/\/www.snowell.com\/ski-tips\/wp-json\/wp\/v2\/media?parent=6336"}],"wp:term":[{"taxonomy":"category","embeddable":true,"href":"https:\/\/www.snowell.com\/ski-tips\/wp-json\/wp\/v2\/categories?post=6336"},{"taxonomy":"post_tag","embeddable":true,"href":"https:\/\/www.snowell.com\/ski-tips\/wp-json\/wp\/v2\/tags?post=6336"}],"curies":[{"name":"wp","href":"https:\/\/api.w.org\/{rel}","templated":true}]}}